{"id":6902,"date":"2021-07-22T16:36:23","date_gmt":"2021-07-22T16:36:23","guid":{"rendered":"https:\/\/ascensoresramase.com\/?p=6902"},"modified":"2021-07-23T09:38:28","modified_gmt":"2021-07-23T09:38:28","slug":"eficiencia-energetica-redueixi-la-despesa-de-lascensor","status":"publish","type":"post","link":"https:\/\/ascensoresramase.com\/ca\/informacio-i-consells\/eficiencia-energetica-redueixi-la-despesa-de-lascensor\/","title":{"rendered":"Efici\u00e8ncia energ\u00e8tica: redueixi la despesa de l&#8217;ascensor"},"content":{"rendered":"<div class=\"fusion-fullwidth fullwidth-box fusion-builder-row-1 fusion-flex-container nonhundred-percent-fullwidth non-hundred-percent-height-scrolling\" style=\"--awb-border-radius-top-left:0px;--awb-border-radius-top-right:0px;--awb-border-radius-bottom-right:0px;--awb-border-radius-bottom-left:0px;--awb-flex-wrap:wrap;\" ><div class=\"fusion-builder-row fusion-row fusion-flex-align-items-flex-start fusion-flex-content-wrap\" style=\"max-width:1248px;margin-left: calc(-4% \/ 2 );margin-right: calc(-4% \/ 2 );\"><div class=\"fusion-layout-column fusion_builder_column fusion-builder-column-0 fusion_builder_column_1_2 1_2 fusion-flex-column\" style=\"--awb-bg-size:cover;--awb-width-large:50%;--awb-margin-top-large:0px;--awb-spacing-right-large:3.84%;--awb-margin-bottom-large:20px;--awb-spacing-left-large:3.84%;--awb-width-medium:50%;--awb-order-medium:0;--awb-spacing-right-medium:3.84%;--awb-spacing-left-medium:3.84%;--awb-width-small:100%;--awb-order-small:0;--awb-spacing-right-small:1.92%;--awb-spacing-left-small:1.92%;\"><div class=\"fusion-column-wrapper fusion-column-has-shadow fusion-flex-justify-content-flex-start fusion-content-layout-column\"><div class=\"fusion-image-element \" style=\"--awb-caption-title-font-family:var(--h2_typography-font-family);--awb-caption-title-font-weight:var(--h2_typography-font-weight);--awb-caption-title-font-style:var(--h2_typography-font-style);--awb-caption-title-size:var(--h2_typography-font-size);--awb-caption-title-transform:var(--h2_typography-text-transform);--awb-caption-title-line-height:var(--h2_typography-line-height);--awb-caption-title-letter-spacing:var(--h2_typography-letter-spacing);\"><span class=\" fusion-imageframe imageframe-none imageframe-1 hover-type-none\"><img decoding=\"async\" width=\"750\" height=\"500\" title=\"Eficiencia energ\u00e9tica: reduzca el gasto del ascensor\" src=\"https:\/\/ascensoresramase.com\/wp-content\/uploads\/Eficiencia-energetica.jpg\" alt class=\"img-responsive wp-image-6905\" srcset=\"https:\/\/ascensoresramase.com\/wp-content\/uploads\/Eficiencia-energetica-200x133.jpg 200w, https:\/\/ascensoresramase.com\/wp-content\/uploads\/Eficiencia-energetica-400x267.jpg 400w, https:\/\/ascensoresramase.com\/wp-content\/uploads\/Eficiencia-energetica-600x400.jpg 600w, https:\/\/ascensoresramase.com\/wp-content\/uploads\/Eficiencia-energetica.jpg 750w\" sizes=\"(max-width: 640px) 100vw, 600px\" \/><\/span><\/div><\/div><\/div><div class=\"fusion-layout-column fusion_builder_column fusion-builder-column-1 fusion_builder_column_1_2 1_2 fusion-flex-column\" style=\"--awb-bg-size:cover;--awb-width-large:50%;--awb-margin-top-large:0px;--awb-spacing-right-large:3.84%;--awb-margin-bottom-large:20px;--awb-spacing-left-large:3.84%;--awb-width-medium:50%;--awb-order-medium:0;--awb-spacing-right-medium:3.84%;--awb-spacing-left-medium:3.84%;--awb-width-small:100%;--awb-order-small:0;--awb-spacing-right-small:1.92%;--awb-spacing-left-small:1.92%;\"><div class=\"fusion-column-wrapper fusion-column-has-shadow fusion-flex-justify-content-flex-start fusion-content-layout-column\"><div class=\"fusion-text fusion-text-1\"><p>Segons c\u00e0lculs de la <a href=\"https:\/\/www.google.es\/url?sa=t&amp;rct=j&amp;q=&amp;esrc=s&amp;source=web&amp;cd=1&amp;cad=rja&amp;uact=8&amp;ved=0ahUKEwiEsoaN9pfKAhVMtRQKHWHVB-gQFggfMAA&amp;url=http%3A%2F%2Fwww.feeda.es%2F&amp;usg=AFQjCNGwa38K-BuEWA3VOCMLPyw1qitHRw&amp;bvm=bv.110151844,d.d24\" target=\"_blank\" rel=\"noopener\">FEEDA (Federaci\u00f3n Espa\u00f1ola de Asociaciones de Empresas de Ascensores)<\/a>\u00a0el parc d&#8217;ascensors a Espanya aconsegueix ja unes<strong>\u00a0900.000 unitats<\/strong>, moltes de les quals compten ja amb m\u00e9s de 20 anys. Com a resultat, molts sistemes han quedat obsolets. Potser no tinguin problemes en el seu funcionament per\u00f2 s\u00ed en les seus requeriments d&#8217;energia.<\/p>\n<\/div><\/div><\/div><div class=\"fusion-layout-column fusion_builder_column fusion-builder-column-2 fusion_builder_column_1_1 1_1 fusion-flex-column\" style=\"--awb-bg-size:cover;--awb-width-large:100%;--awb-margin-top-large:0px;--awb-spacing-right-large:1.92%;--awb-margin-bottom-large:20px;--awb-spacing-left-large:1.92%;--awb-width-medium:100%;--awb-order-medium:0;--awb-spacing-right-medium:1.92%;--awb-spacing-left-medium:1.92%;--awb-width-small:100%;--awb-order-small:0;--awb-spacing-right-small:1.92%;--awb-spacing-left-small:1.92%;\"><div class=\"fusion-column-wrapper fusion-column-has-shadow fusion-flex-justify-content-flex-start fusion-content-layout-column\"><div class=\"fusion-text fusion-text-2\"><p>Actualment, existeix tecnologia per\u00a0<strong>reduir fins un 40% la despesa energ\u00e8tica total<\/strong>\u00a0de l&#8217;ascensor. Multipliquem aix\u00f2 pel (quasi) mili\u00f3 d&#8217;aparells en funcionament, i ens adonem que es podria aconseguir un gran estalvi amb la implicaci\u00f3\u00a0de tots. Concretament, uns\u00a0<strong>400 milions\u00a0de kWh cada any<\/strong>\u00a0(el consum mitj\u00e0 en electricitat de m\u00e9s de 100.000 llars espanyoles). A m\u00e9s, s&#8217;evitaria l&#8217;emisi\u00f3 de\u00a0<strong>120.000 tones de CO2<\/strong>\u2026 \u00a1L&#8217;esfor\u00e7 val la pena!<\/p>\n<p>Es tant el que es pot fer, que hi ha veus que han demanat una classificaci\u00f3 energ\u00e8tica d&#8217;ascensors, tal i com es fa amb els electrodom\u00e8stics. Per\u00f2 independentment de que es faci o no aquesta classificaci\u00f3, \u00e9s clar que realitzar algunes millores a nivell energ\u00e8tic a l&#8217;ascensor t\u00e9 molts beneficis.<\/p>\n<h2>Qu\u00e8 \u00e9s efici\u00e8ncia energ\u00e8tica a l&#8217;ascensor?<\/h2>\n<p>Abans de concentrar-nos en el tema en s\u00ed mateix, parem un moment a pensar de qu\u00e8 estem parlant. Sovint es confonen els termes efic\u00e0cia i efici\u00e8ncia. <\/p>\n<p><strong>Efic\u00e0cia<\/strong>\u00a0\u00e9s que un aparell faci all\u00f2 pel qual est\u00e0 desenvolupat. Si l&#8217;ascensor puja i baixa als seus usuaris sense causar incidents, \u00e9s efica\u00e7. Fa el que esperem que faci.<\/p>\n<p><strong>Efici\u00e8ncia<\/strong>\u00a0\u00e9s ser efica\u00e7 amb el consum\u00a0<strong>m\u00ednim de recursos<\/strong>. En aquest\u00a0cas, parlem del recurs que consumim:\u00a0<strong>l&#8217;energia<\/strong>. Per tant, si podem aconseguir que l&#8217;ascensor funcioni gastant menys energia, estem millorant la efici\u00e8ncia de la instal\u00b7laci\u00f3.<\/p>\n<p>El resultat es un estalvi d&#8217;energia, que t\u00e9\u00a0<strong>beneficis econ\u00f2mics directes\u00a0<\/strong>(menys despesa de llum, que tal i como est\u00e0 evolucionant la factura de la llum \u00e9s un punt a tenir molt present) i\u00a0<strong>beneficis ecol\u00f2gics<\/strong>.<\/p>\n<h2>C\u00f3m es pot millorar l&#8217;efici\u00e8ncia de l&#8217;ascensor?<\/h2>\n<p>La bona noticia \u00e9s que incl\u00f2s en instal\u00b7lacions antigues,\u00a0<strong>sense necessitat de renovar completament l&#8217;ascensor<\/strong>, hi ha diferents aspectes que es poden estudiar per optimitzar l&#8217;efici\u00e8ncia del sistema. Es possible substituir els sistemes que requereixen major energia, conservant altres m\u00e9s costosos de canviar (com les guies, les portes, etc.), que potser no afecten tan directament a la despesa energ\u00e8tica.<\/p>\n<h3>Il\u00b7luminaci\u00f3<\/h3>\n<p>Molts ascensors utilitzen fluorescents i l\u00e0mpades antigues, que a m\u00e9s estan funcionant les 24 hores els 365 dies. Es calcula que aix\u00f2 suposa una despesa mitja de\u00a0<strong>600 kWh\/any<\/strong>\u2026 \u00a1Imagina quina despesa tan innecess\u00e0ria, sobre tot en edificis d&#8217;oficines (tancats durant el cap de setmana) o a segones resid\u00e8ncies (sense habitants durant llargs per\u00edodes a l&#8217;any)!<\/p>\n<p>Aix\u00ed que aquest \u00e9s el primer punt que s&#8217;analitza en una auditoria energ\u00e8tica: la il\u00b7luminaci\u00f3. Substituint la il\u00b7luminaci\u00f3 tradicional per\u00a0<strong>l\u00e0mpades de baix consum<\/strong>\u00a0(p.ex. de LEDs) i instal\u00b7lant\u00a0<strong>sistemes detectors de pres\u00e8ncia<\/strong>, es pot estalviar fins el 75% del consum energ\u00e8tic de la cabina.<\/p>\n<h3>Millores mec\u00e0niques<\/h3>\n<p>Encara que l&#8217;enginyeria que ha perm\u00e8s que els ascensors per usuaris porti segles funcionant, en els \u00faltims anys s&#8217;han desenvolupat noves tecnologies que permeten fer-ho amb una menor despesa energ\u00e8tica.<\/p>\n<p>Els\u00a0<a href=\"https:\/\/www.ascensoresramase.com\/noticias\/por-que-es-mejor-ascensor-de-ultima-generacion\/\">ascensors d&#8217;\u00faltima generaci\u00f3<\/a>\u00a0no utilitzen cables, si no cintes planes recobertes d&#8217;acer i estan equipats amb sistemes regeneratius, que s&#8217;acumulen i aprofiten l&#8217;energia que es genera quan l&#8217;ascensor va en baixada i buit, reduint aix\u00ed el consum final. Amb aquests sistemes es pot reduir fins a un\u00a0<strong>30% la despesa<\/strong>.<\/p>\n<p>A m\u00e9s, s\u00f3n m\u00e9s silenciosos, confortables i fiables\u2026 Tot avantatges.<\/p>\n<h3>Renovaci\u00f3\u00a0de la cabina<\/h3>\n<p>Una tercera via per millorar la efici\u00e8ncia energ\u00e8tica es troba a la mateixa cabina.\u00a0En els \u00faltims anys s&#8217;estan desenvolupant materials i t\u00e8cniques\u00a0<strong>m\u00e9s lleugers<\/strong>, alguns provinents de la ind\u00fastria aeroespacial, com per exemple els panells d&#8217;alumini en niu d&#8217;abella.<\/p>\n<p><strong>Reduint el pes<\/strong>\u00a0de la cabina fins a un 35%, es redueix l\u00f2gicament l&#8217;energia que es requereix per moure-la als despla\u00e7aments.<\/p>\n<hr \/>\n<p>Quan escoltem parlar del tema de la\u00a0<strong>efici\u00e8ncia energ\u00e8tica de l&#8217;ascensor<\/strong>, de vegades no entenem com aquest ens afecta directament. Sobre tot en el cas d&#8217;ascensors compartits, com ocorre a comunitats de ve\u00efns i edificis d&#8217;oficines, pot semblar un tema poc important. Al cap i a la fi, la factura no arriba directament al nostre compte bancari.<\/p>\n<p>Per\u00f2 al final, qualsevol despesa compartida al que s&#8217;hagi de fer front, acabar\u00e0 repercutint en la teva butxaca. Aix\u00ed doncs val la pena parar-se un moment, prendre consci\u00e8ncia de l&#8217;assumpte, pensar a mitj\u00e0\/llarg termini i\u00a0<a href=\"https:\/\/www.ascensoresramase.com\/contacto\/\"><strong>sol\u00b7licitar un estudi d&#8217;estalvi energ\u00e8tic per la teu ascensor<\/strong><\/a>.<\/p>\n<blockquote>\n<p><a href=\"https:\/\/www.ascensoresramase.com\/contacto\/\">Realitzem estudis energ\u00e8tics per maximitzar els recursos de la instal\u00b7laci\u00f3\u2026\u00a0<strong>\u00a1Consulta&#8217;ns!<\/strong><\/a><\/p>\n<\/blockquote>\n<\/div><\/div><\/div><\/div><\/div>\n","protected":false},"excerpt":{"rendered":"","protected":false},"author":1,"featured_media":6905,"comment_status":"closed","ping_status":"closed","sticky":false,"template":"","format":"standard","meta":{"footnotes":""},"categories":[20],"tags":[],"class_list":["post-6902","post","type-post","status-publish","format-standard","has-post-thumbnail","hentry","category-informacio-i-consells"],"yoast_head":"<!-- This site is optimized with the Yoast SEO plugin v27.4 - https:\/\/yoast.com\/product\/yoast-seo-wordpress\/ -->\n<title>Efici\u00e8ncia energ\u00e8tica: redueixi la despesa de l&#039;ascensor - Empresa mantenimiento ascensores Barcelona - Ascensores Ramase<\/title>\n<meta name=\"robots\" content=\"index, follow, max-snippet:-1, max-image-preview:large, max-video-preview:-1\" \/>\n<link rel=\"canonical\" href=\"https:\/\/ascensoresramase.com\/ca\/informacio-i-consells\/eficiencia-energetica-redueixi-la-despesa-de-lascensor\/\" \/>\n<meta property=\"og:locale\" content=\"ca_ES\" \/>\n<meta property=\"og:type\" content=\"article\" \/>\n<meta property=\"og:title\" content=\"Efici\u00e8ncia energ\u00e8tica: redueixi la despesa de l&#039;ascensor - Empresa mantenimiento ascensores Barcelona - Ascensores Ramase\" \/>\n<meta property=\"og:url\" content=\"https:\/\/ascensoresramase.com\/ca\/informacio-i-consells\/eficiencia-energetica-redueixi-la-despesa-de-lascensor\/\" \/>\n<meta property=\"og:site_name\" content=\"Empresa mantenimiento ascensores Barcelona - Ascensores Ramase\" \/>\n<meta property=\"article:published_time\" content=\"2021-07-22T16:36:23+00:00\" \/>\n<meta property=\"article:modified_time\" content=\"2021-07-23T09:38:28+00:00\" \/>\n<meta property=\"og:image\" content=\"https:\/\/ascensoresramase.com\/wp-content\/uploads\/Eficiencia-energetica.jpg\" \/>\n\t<meta property=\"og:image:width\" content=\"750\" \/>\n\t<meta property=\"og:image:height\" content=\"500\" \/>\n\t<meta property=\"og:image:type\" content=\"image\/jpeg\" \/>\n<meta name=\"author\" content=\"Ascensores Ramase\" \/>\n<meta name=\"twitter:card\" content=\"summary_large_image\" \/>\n<meta name=\"twitter:label1\" content=\"Escrit per\" \/>\n\t<meta name=\"twitter:data1\" content=\"Ascensores Ramase\" \/>\n\t<meta name=\"twitter:label2\" content=\"Temps estimat de lectura\" \/>\n\t<meta name=\"twitter:data2\" content=\"10 minuts\" \/>\n<script type=\"application\/ld+json\" class=\"yoast-schema-graph\">{\"@context\":\"https:\\\/\\\/schema.org\",\"@graph\":[{\"@type\":\"Article\",\"@id\":\"https:\\\/\\\/ascensoresramase.com\\\/ca\\\/informacio-i-consells\\\/eficiencia-energetica-redueixi-la-despesa-de-lascensor\\\/#article\",\"isPartOf\":{\"@id\":\"https:\\\/\\\/ascensoresramase.com\\\/ca\\\/informacio-i-consells\\\/eficiencia-energetica-redueixi-la-despesa-de-lascensor\\\/\"},\"author\":{\"name\":\"Ascensores Ramase\",\"@id\":\"https:\\\/\\\/ascensoresramase.com\\\/ca\\\/#\\\/schema\\\/person\\\/d9c361a5f180ff1bc5a57ed4f886a284\"},\"headline\":\"Efici\u00e8ncia energ\u00e8tica: redueixi la despesa de l&#8217;ascensor\",\"datePublished\":\"2021-07-22T16:36:23+00:00\",\"dateModified\":\"2021-07-23T09:38:28+00:00\",\"mainEntityOfPage\":{\"@id\":\"https:\\\/\\\/ascensoresramase.com\\\/ca\\\/informacio-i-consells\\\/eficiencia-energetica-redueixi-la-despesa-de-lascensor\\\/\"},\"wordCount\":2081,\"publisher\":{\"@id\":\"https:\\\/\\\/ascensoresramase.com\\\/ca\\\/#organization\"},\"image\":{\"@id\":\"https:\\\/\\\/ascensoresramase.com\\\/ca\\\/informacio-i-consells\\\/eficiencia-energetica-redueixi-la-despesa-de-lascensor\\\/#primaryimage\"},\"thumbnailUrl\":\"https:\\\/\\\/ascensoresramase.com\\\/wp-content\\\/uploads\\\/Eficiencia-energetica.jpg\",\"articleSection\":[\"Informaci\u00f3 i consells\"],\"inLanguage\":\"ca\"},{\"@type\":\"WebPage\",\"@id\":\"https:\\\/\\\/ascensoresramase.com\\\/ca\\\/informacio-i-consells\\\/eficiencia-energetica-redueixi-la-despesa-de-lascensor\\\/\",\"url\":\"https:\\\/\\\/ascensoresramase.com\\\/ca\\\/informacio-i-consells\\\/eficiencia-energetica-redueixi-la-despesa-de-lascensor\\\/\",\"name\":\"Efici\u00e8ncia energ\u00e8tica: redueixi la despesa de l'ascensor - Empresa mantenimiento ascensores Barcelona - Ascensores Ramase\",\"isPartOf\":{\"@id\":\"https:\\\/\\\/ascensoresramase.com\\\/ca\\\/#website\"},\"primaryImageOfPage\":{\"@id\":\"https:\\\/\\\/ascensoresramase.com\\\/ca\\\/informacio-i-consells\\\/eficiencia-energetica-redueixi-la-despesa-de-lascensor\\\/#primaryimage\"},\"image\":{\"@id\":\"https:\\\/\\\/ascensoresramase.com\\\/ca\\\/informacio-i-consells\\\/eficiencia-energetica-redueixi-la-despesa-de-lascensor\\\/#primaryimage\"},\"thumbnailUrl\":\"https:\\\/\\\/ascensoresramase.com\\\/wp-content\\\/uploads\\\/Eficiencia-energetica.jpg\",\"datePublished\":\"2021-07-22T16:36:23+00:00\",\"dateModified\":\"2021-07-23T09:38:28+00:00\",\"breadcrumb\":{\"@id\":\"https:\\\/\\\/ascensoresramase.com\\\/ca\\\/informacio-i-consells\\\/eficiencia-energetica-redueixi-la-despesa-de-lascensor\\\/#breadcrumb\"},\"inLanguage\":\"ca\",\"potentialAction\":[{\"@type\":\"ReadAction\",\"target\":[\"https:\\\/\\\/ascensoresramase.com\\\/ca\\\/informacio-i-consells\\\/eficiencia-energetica-redueixi-la-despesa-de-lascensor\\\/\"]}]},{\"@type\":\"ImageObject\",\"inLanguage\":\"ca\",\"@id\":\"https:\\\/\\\/ascensoresramase.com\\\/ca\\\/informacio-i-consells\\\/eficiencia-energetica-redueixi-la-despesa-de-lascensor\\\/#primaryimage\",\"url\":\"https:\\\/\\\/ascensoresramase.com\\\/wp-content\\\/uploads\\\/Eficiencia-energetica.jpg\",\"contentUrl\":\"https:\\\/\\\/ascensoresramase.com\\\/wp-content\\\/uploads\\\/Eficiencia-energetica.jpg\",\"width\":750,\"height\":500},{\"@type\":\"BreadcrumbList\",\"@id\":\"https:\\\/\\\/ascensoresramase.com\\\/ca\\\/informacio-i-consells\\\/eficiencia-energetica-redueixi-la-despesa-de-lascensor\\\/#breadcrumb\",\"itemListElement\":[{\"@type\":\"ListItem\",\"position\":1,\"name\":\"Inicio\",\"item\":\"https:\\\/\\\/ascensoresramase.com\\\/ca\\\/\"},{\"@type\":\"ListItem\",\"position\":2,\"name\":\"Informaci\u00f3 i consells\",\"item\":\"https:\\\/\\\/ascensoresramase.com\\\/ca\\\/category\\\/informacio-i-consells\\\/\"},{\"@type\":\"ListItem\",\"position\":3,\"name\":\"Efici\u00e8ncia energ\u00e8tica: redueixi la despesa de l&#8217;ascensor\"}]},{\"@type\":\"WebSite\",\"@id\":\"https:\\\/\\\/ascensoresramase.com\\\/ca\\\/#website\",\"url\":\"https:\\\/\\\/ascensoresramase.com\\\/ca\\\/\",\"name\":\"Empresa mantenimiento ascensores Barcelona - Ascensores Ramase\",\"description\":\"\",\"publisher\":{\"@id\":\"https:\\\/\\\/ascensoresramase.com\\\/ca\\\/#organization\"},\"potentialAction\":[{\"@type\":\"SearchAction\",\"target\":{\"@type\":\"EntryPoint\",\"urlTemplate\":\"https:\\\/\\\/ascensoresramase.com\\\/ca\\\/?s={search_term_string}\"},\"query-input\":{\"@type\":\"PropertyValueSpecification\",\"valueRequired\":true,\"valueName\":\"search_term_string\"}}],\"inLanguage\":\"ca\"},{\"@type\":\"Organization\",\"@id\":\"https:\\\/\\\/ascensoresramase.com\\\/ca\\\/#organization\",\"name\":\"RAMASE, S.A\",\"url\":\"https:\\\/\\\/ascensoresramase.com\\\/ca\\\/\",\"logo\":{\"@type\":\"ImageObject\",\"inLanguage\":\"ca\",\"@id\":\"https:\\\/\\\/ascensoresramase.com\\\/ca\\\/#\\\/schema\\\/logo\\\/image\\\/\",\"url\":\"https:\\\/\\\/ascensoresramase.com\\\/wp-content\\\/uploads\\\/LOGO_ramase-web-1.png\",\"contentUrl\":\"https:\\\/\\\/ascensoresramase.com\\\/wp-content\\\/uploads\\\/LOGO_ramase-web-1.png\",\"width\":234,\"height\":150,\"caption\":\"RAMASE, S.A\"},\"image\":{\"@id\":\"https:\\\/\\\/ascensoresramase.com\\\/ca\\\/#\\\/schema\\\/logo\\\/image\\\/\"}},{\"@type\":\"Person\",\"@id\":\"https:\\\/\\\/ascensoresramase.com\\\/ca\\\/#\\\/schema\\\/person\\\/d9c361a5f180ff1bc5a57ed4f886a284\",\"name\":\"Ascensores Ramase\"}]}<\/script>\n<!-- \/ Yoast SEO plugin. -->","yoast_head_json":{"title":"Efici\u00e8ncia energ\u00e8tica: redueixi la despesa de l'ascensor - Empresa mantenimiento ascensores Barcelona - Ascensores Ramase","robots":{"index":"index","follow":"follow","max-snippet":"max-snippet:-1","max-image-preview":"max-image-preview:large","max-video-preview":"max-video-preview:-1"},"canonical":"https:\/\/ascensoresramase.com\/ca\/informacio-i-consells\/eficiencia-energetica-redueixi-la-despesa-de-lascensor\/","og_locale":"ca_ES","og_type":"article","og_title":"Efici\u00e8ncia energ\u00e8tica: redueixi la despesa de l'ascensor - Empresa mantenimiento ascensores Barcelona - Ascensores Ramase","og_url":"https:\/\/ascensoresramase.com\/ca\/informacio-i-consells\/eficiencia-energetica-redueixi-la-despesa-de-lascensor\/","og_site_name":"Empresa mantenimiento ascensores Barcelona - Ascensores Ramase","article_published_time":"2021-07-22T16:36:23+00:00","article_modified_time":"2021-07-23T09:38:28+00:00","og_image":[{"width":750,"height":500,"url":"https:\/\/ascensoresramase.com\/wp-content\/uploads\/Eficiencia-energetica.jpg","type":"image\/jpeg"}],"author":"Ascensores Ramase","twitter_card":"summary_large_image","twitter_misc":{"Escrit per":"Ascensores Ramase","Temps estimat de lectura":"10 minuts"},"schema":{"@context":"https:\/\/schema.org","@graph":[{"@type":"Article","@id":"https:\/\/ascensoresramase.com\/ca\/informacio-i-consells\/eficiencia-energetica-redueixi-la-despesa-de-lascensor\/#article","isPartOf":{"@id":"https:\/\/ascensoresramase.com\/ca\/informacio-i-consells\/eficiencia-energetica-redueixi-la-despesa-de-lascensor\/"},"author":{"name":"Ascensores Ramase","@id":"https:\/\/ascensoresramase.com\/ca\/#\/schema\/person\/d9c361a5f180ff1bc5a57ed4f886a284"},"headline":"Efici\u00e8ncia energ\u00e8tica: redueixi la despesa de l&#8217;ascensor","datePublished":"2021-07-22T16:36:23+00:00","dateModified":"2021-07-23T09:38:28+00:00","mainEntityOfPage":{"@id":"https:\/\/ascensoresramase.com\/ca\/informacio-i-consells\/eficiencia-energetica-redueixi-la-despesa-de-lascensor\/"},"wordCount":2081,"publisher":{"@id":"https:\/\/ascensoresramase.com\/ca\/#organization"},"image":{"@id":"https:\/\/ascensoresramase.com\/ca\/informacio-i-consells\/eficiencia-energetica-redueixi-la-despesa-de-lascensor\/#primaryimage"},"thumbnailUrl":"https:\/\/ascensoresramase.com\/wp-content\/uploads\/Eficiencia-energetica.jpg","articleSection":["Informaci\u00f3 i consells"],"inLanguage":"ca"},{"@type":"WebPage","@id":"https:\/\/ascensoresramase.com\/ca\/informacio-i-consells\/eficiencia-energetica-redueixi-la-despesa-de-lascensor\/","url":"https:\/\/ascensoresramase.com\/ca\/informacio-i-consells\/eficiencia-energetica-redueixi-la-despesa-de-lascensor\/","name":"Efici\u00e8ncia energ\u00e8tica: redueixi la despesa de l'ascensor - Empresa mantenimiento ascensores Barcelona - Ascensores Ramase","isPartOf":{"@id":"https:\/\/ascensoresramase.com\/ca\/#website"},"primaryImageOfPage":{"@id":"https:\/\/ascensoresramase.com\/ca\/informacio-i-consells\/eficiencia-energetica-redueixi-la-despesa-de-lascensor\/#primaryimage"},"image":{"@id":"https:\/\/ascensoresramase.com\/ca\/informacio-i-consells\/eficiencia-energetica-redueixi-la-despesa-de-lascensor\/#primaryimage"},"thumbnailUrl":"https:\/\/ascensoresramase.com\/wp-content\/uploads\/Eficiencia-energetica.jpg","datePublished":"2021-07-22T16:36:23+00:00","dateModified":"2021-07-23T09:38:28+00:00","breadcrumb":{"@id":"https:\/\/ascensoresramase.com\/ca\/informacio-i-consells\/eficiencia-energetica-redueixi-la-despesa-de-lascensor\/#breadcrumb"},"inLanguage":"ca","potentialAction":[{"@type":"ReadAction","target":["https:\/\/ascensoresramase.com\/ca\/informacio-i-consells\/eficiencia-energetica-redueixi-la-despesa-de-lascensor\/"]}]},{"@type":"ImageObject","inLanguage":"ca","@id":"https:\/\/ascensoresramase.com\/ca\/informacio-i-consells\/eficiencia-energetica-redueixi-la-despesa-de-lascensor\/#primaryimage","url":"https:\/\/ascensoresramase.com\/wp-content\/uploads\/Eficiencia-energetica.jpg","contentUrl":"https:\/\/ascensoresramase.com\/wp-content\/uploads\/Eficiencia-energetica.jpg","width":750,"height":500},{"@type":"BreadcrumbList","@id":"https:\/\/ascensoresramase.com\/ca\/informacio-i-consells\/eficiencia-energetica-redueixi-la-despesa-de-lascensor\/#breadcrumb","itemListElement":[{"@type":"ListItem","position":1,"name":"Inicio","item":"https:\/\/ascensoresramase.com\/ca\/"},{"@type":"ListItem","position":2,"name":"Informaci\u00f3 i consells","item":"https:\/\/ascensoresramase.com\/ca\/category\/informacio-i-consells\/"},{"@type":"ListItem","position":3,"name":"Efici\u00e8ncia energ\u00e8tica: redueixi la despesa de l&#8217;ascensor"}]},{"@type":"WebSite","@id":"https:\/\/ascensoresramase.com\/ca\/#website","url":"https:\/\/ascensoresramase.com\/ca\/","name":"Empresa mantenimiento ascensores Barcelona - Ascensores Ramase","description":"","publisher":{"@id":"https:\/\/ascensoresramase.com\/ca\/#organization"},"potentialAction":[{"@type":"SearchAction","target":{"@type":"EntryPoint","urlTemplate":"https:\/\/ascensoresramase.com\/ca\/?s={search_term_string}"},"query-input":{"@type":"PropertyValueSpecification","valueRequired":true,"valueName":"search_term_string"}}],"inLanguage":"ca"},{"@type":"Organization","@id":"https:\/\/ascensoresramase.com\/ca\/#organization","name":"RAMASE, S.A","url":"https:\/\/ascensoresramase.com\/ca\/","logo":{"@type":"ImageObject","inLanguage":"ca","@id":"https:\/\/ascensoresramase.com\/ca\/#\/schema\/logo\/image\/","url":"https:\/\/ascensoresramase.com\/wp-content\/uploads\/LOGO_ramase-web-1.png","contentUrl":"https:\/\/ascensoresramase.com\/wp-content\/uploads\/LOGO_ramase-web-1.png","width":234,"height":150,"caption":"RAMASE, S.A"},"image":{"@id":"https:\/\/ascensoresramase.com\/ca\/#\/schema\/logo\/image\/"}},{"@type":"Person","@id":"https:\/\/ascensoresramase.com\/ca\/#\/schema\/person\/d9c361a5f180ff1bc5a57ed4f886a284","name":"Ascensores Ramase"}]}},"_links":{"self":[{"href":"https:\/\/ascensoresramase.com\/ca\/wp-json\/wp\/v2\/posts\/6902","targetHints":{"allow":["GET"]}}],"collection":[{"href":"https:\/\/ascensoresramase.com\/ca\/wp-json\/wp\/v2\/posts"}],"about":[{"href":"https:\/\/ascensoresramase.com\/ca\/wp-json\/wp\/v2\/types\/post"}],"author":[{"embeddable":true,"href":"https:\/\/ascensoresramase.com\/ca\/wp-json\/wp\/v2\/users\/1"}],"replies":[{"embeddable":true,"href":"https:\/\/ascensoresramase.com\/ca\/wp-json\/wp\/v2\/comments?post=6902"}],"version-history":[{"count":0,"href":"https:\/\/ascensoresramase.com\/ca\/wp-json\/wp\/v2\/posts\/6902\/revisions"}],"wp:featuredmedia":[{"embeddable":true,"href":"https:\/\/ascensoresramase.com\/ca\/wp-json\/wp\/v2\/media\/6905"}],"wp:attachment":[{"href":"https:\/\/ascensoresramase.com\/ca\/wp-json\/wp\/v2\/media?parent=6902"}],"wp:term":[{"taxonomy":"category","embeddable":true,"href":"https:\/\/ascensoresramase.com\/ca\/wp-json\/wp\/v2\/categories?post=6902"},{"taxonomy":"post_tag","embeddable":true,"href":"https:\/\/ascensoresramase.com\/ca\/wp-json\/wp\/v2\/tags?post=6902"}],"curies":[{"name":"wp","href":"https:\/\/api.w.org\/{rel}","templated":true}]}}