{"id":6819,"date":"2021-07-22T09:58:38","date_gmt":"2021-07-22T09:58:38","guid":{"rendered":"https:\/\/ascensoresramase.com\/?p=6819"},"modified":"2021-07-22T11:12:44","modified_gmt":"2021-07-22T11:12:44","slug":"noves-ajudes-la-millora-de-laccessibilitat-en-la-comunitat","status":"publish","type":"post","link":"https:\/\/ascensoresramase.com\/ca\/informacio-i-consells\/noves-ajudes-la-millora-de-laccessibilitat-en-la-comunitat\/","title":{"rendered":"Noves ajudes per a la millora de l&#8217;accessibilitat en la comunitat"},"content":{"rendered":"<div class=\"fusion-fullwidth fullwidth-box fusion-builder-row-1 fusion-flex-container nonhundred-percent-fullwidth non-hundred-percent-height-scrolling\" style=\"--awb-border-radius-top-left:0px;--awb-border-radius-top-right:0px;--awb-border-radius-bottom-right:0px;--awb-border-radius-bottom-left:0px;--awb-flex-wrap:wrap;\" ><div class=\"fusion-builder-row fusion-row fusion-flex-align-items-flex-start fusion-flex-content-wrap\" style=\"max-width:1248px;margin-left: calc(-4% \/ 2 );margin-right: calc(-4% \/ 2 );\"><div class=\"fusion-layout-column fusion_builder_column fusion-builder-column-0 fusion_builder_column_1_2 1_2 fusion-flex-column\" style=\"--awb-bg-size:cover;--awb-width-large:50%;--awb-margin-top-large:0px;--awb-spacing-right-large:3.84%;--awb-margin-bottom-large:20px;--awb-spacing-left-large:3.84%;--awb-width-medium:50%;--awb-order-medium:0;--awb-spacing-right-medium:3.84%;--awb-spacing-left-medium:3.84%;--awb-width-small:100%;--awb-order-small:0;--awb-spacing-right-small:1.92%;--awb-spacing-left-small:1.92%;\"><div class=\"fusion-column-wrapper fusion-column-has-shadow fusion-flex-justify-content-flex-start fusion-content-layout-column\"><div class=\"fusion-image-element \" style=\"--awb-caption-title-font-family:var(--h2_typography-font-family);--awb-caption-title-font-weight:var(--h2_typography-font-weight);--awb-caption-title-font-style:var(--h2_typography-font-style);--awb-caption-title-size:var(--h2_typography-font-size);--awb-caption-title-transform:var(--h2_typography-text-transform);--awb-caption-title-line-height:var(--h2_typography-line-height);--awb-caption-title-letter-spacing:var(--h2_typography-letter-spacing);\"><span class=\" fusion-imageframe imageframe-none imageframe-1 hover-type-none\"><img decoding=\"async\" width=\"750\" height=\"500\" title=\"Nuevas-ayudas-a-la-accesibilidad\" src=\"https:\/\/ascensoresramase.com\/wp-content\/uploads\/Nuevas-ayudas-a-la-accesibilidad.jpg\" alt class=\"img-responsive wp-image-6836\" srcset=\"https:\/\/ascensoresramase.com\/wp-content\/uploads\/Nuevas-ayudas-a-la-accesibilidad-200x133.jpg 200w, https:\/\/ascensoresramase.com\/wp-content\/uploads\/Nuevas-ayudas-a-la-accesibilidad-400x267.jpg 400w, https:\/\/ascensoresramase.com\/wp-content\/uploads\/Nuevas-ayudas-a-la-accesibilidad-600x400.jpg 600w, https:\/\/ascensoresramase.com\/wp-content\/uploads\/Nuevas-ayudas-a-la-accesibilidad.jpg 750w\" sizes=\"(max-width: 640px) 100vw, 600px\" \/><\/span><\/div><\/div><\/div><div class=\"fusion-layout-column fusion_builder_column fusion-builder-column-1 fusion_builder_column_1_2 1_2 fusion-flex-column\" style=\"--awb-bg-size:cover;--awb-width-large:50%;--awb-margin-top-large:0px;--awb-spacing-right-large:3.84%;--awb-margin-bottom-large:20px;--awb-spacing-left-large:3.84%;--awb-width-medium:50%;--awb-order-medium:0;--awb-spacing-right-medium:3.84%;--awb-spacing-left-medium:3.84%;--awb-width-small:100%;--awb-order-small:0;--awb-spacing-right-small:1.92%;--awb-spacing-left-small:1.92%;\"><div class=\"fusion-column-wrapper fusion-column-has-shadow fusion-flex-justify-content-flex-start fusion-content-layout-column\"><div class=\"fusion-text fusion-text-1\"><p>Els informem que s\u2019ha obert una <strong>convocat\u00f2ria d\u2019ajudes<\/strong> dins del programa \u201cSense barreres\u201d de la <a href=\"https:\/\/www.fundacionmdp.org\/\" target=\"_blank\" rel=\"noopener\"><strong>Fundaci\u00f3 Mutua de Propietarios<\/strong><\/a> (instituci\u00f3 no lucrativa creada per l\u2019asseguradora Mutua de Propietarios).<\/p>\n<\/div><\/div><\/div><div class=\"fusion-layout-column fusion_builder_column fusion-builder-column-2 fusion_builder_column_1_1 1_1 fusion-flex-column\" style=\"--awb-bg-size:cover;--awb-width-large:100%;--awb-margin-top-large:0px;--awb-spacing-right-large:1.92%;--awb-margin-bottom-large:20px;--awb-spacing-left-large:1.92%;--awb-width-medium:100%;--awb-order-medium:0;--awb-spacing-right-medium:1.92%;--awb-spacing-left-medium:1.92%;--awb-width-small:100%;--awb-order-small:0;--awb-spacing-right-small:1.92%;--awb-spacing-left-small:1.92%;\"><div class=\"fusion-column-wrapper fusion-column-has-shadow fusion-flex-justify-content-flex-start fusion-content-layout-column\"><div class=\"fusion-text fusion-text-2\"><p>Es tracta <strong>d\u2019ajudes per a la rehabilitaci\u00f3 d\u2019elements comuns per a la millora de l\u2019accessibilitat de les persones amb mobilitat redu\u00efda<\/strong>, a la vivenda i el seu entorn, del que poden beneficiar-se edificis d\u2019\u00fas residencial a Barcelona i a l\u2019\u00c0rea Metropolitana.<\/p>\n<p>El programa ofereix ajudes per a la instal\u00b7laci\u00f3 d\u2019ascensors i supressi\u00f3 de barreres arquitect\u00f2niques. Les ajudes poden arribar al 50% de la inversi\u00f3, amb un m\u00e0xim de 30.000 euros o 15.000 euros en el cas de rebre altres ajudes per a les mateixes actuacions. \u00c9s important destacar que aquesta ajuda \u00e9s compatible amb altres que es rebin per part de les Administracions.<\/p>\n<p>Les ajudes van destinades a les <strong>Comunitats de Propietaris<\/strong> <strong>d\u2019edificis en r\u00e8gim de Propietat Horitzontal<\/strong> i les persones f\u00edsiques o jur\u00eddiques propiet\u00e0ries d\u2019edificis en r\u00e8gim de Propietat Vertical, sempre i quan resideixi, com a m\u00ednim, una persona amb mobilitat redu\u00efda, una persona amb discapacitat o una persona m\u00e9s gran de 75 anys.<\/p>\n<p>Com en altres convocat\u00f2ries a la rehabilitaci\u00f3, les obres no han d\u2019haver-se iniciat per poder accedir a aquesta ajuda.<\/p>\n<h2><strong>Ja es poden presentar les solicituds d\u2019ajuda per instal\u00b7laci\u00f3 d\u2019ascensor i d\u2019elements d\u2019accessibilitat<\/strong><\/h2>\n<p>La convocat\u00f2ria est\u00e0 oberta <strong>fins el 15 de desembre de 2018<\/strong>, tot i que es podr\u00e0 tancar abans en cas d\u2019esgotar el pressupost. Per aquest motiu, la nostra recomanaci\u00f3 \u00e9s no demorar la sol\u00b7licitud.<\/p>\n<p>Per m\u00e9s informaci\u00f3, pot posar-se en\u00a0<a href=\"\/ca\/pressupost-ascensor-elevador\/\" target=\"_blank\" rel=\"noopener\"><strong>contacte<\/strong><\/a>\u00a0amb nosaltres.<\/p>\n<\/div><\/div><\/div><\/div><\/div>\n","protected":false},"excerpt":{"rendered":"","protected":false},"author":1,"featured_media":6834,"comment_status":"closed","ping_status":"closed","sticky":false,"template":"","format":"standard","meta":{"footnotes":""},"categories":[20],"tags":[],"class_list":["post-6819","post","type-post","status-publish","format-standard","has-post-thumbnail","hentry","category-informacio-i-consells"],"yoast_head":"<!-- This site is optimized with the Yoast SEO plugin v27.4 - https:\/\/yoast.com\/product\/yoast-seo-wordpress\/ -->\n<title>Noves ajudes per la millora de l&#039;accessibilitat en la comunitat | Ascensores Ramase<\/title>\n<meta name=\"description\" content=\"Nuevas ayudas para la mejora de la accesibilidad en la comunidad\" \/>\n<meta name=\"robots\" content=\"index, follow, max-snippet:-1, max-image-preview:large, max-video-preview:-1\" \/>\n<link rel=\"canonical\" href=\"https:\/\/ascensoresramase.com\/ca\/informacio-i-consells\/noves-ajudes-la-millora-de-laccessibilitat-en-la-comunitat\/\" \/>\n<meta property=\"og:locale\" content=\"ca_ES\" \/>\n<meta property=\"og:type\" content=\"article\" \/>\n<meta property=\"og:title\" content=\"Noves ajudes per la millora de l&#039;accessibilitat en la comunitat | Ascensores Ramase\" \/>\n<meta property=\"og:description\" content=\"Nuevas ayudas para la mejora de la accesibilidad en la comunidad\" \/>\n<meta property=\"og:url\" content=\"https:\/\/ascensoresramase.com\/ca\/informacio-i-consells\/noves-ajudes-la-millora-de-laccessibilitat-en-la-comunitat\/\" \/>\n<meta property=\"og:site_name\" content=\"Empresa mantenimiento ascensores Barcelona - Ascensores Ramase\" \/>\n<meta property=\"article:published_time\" content=\"2021-07-22T09:58:38+00:00\" \/>\n<meta property=\"article:modified_time\" content=\"2021-07-22T11:12:44+00:00\" \/>\n<meta property=\"og:image\" content=\"https:\/\/ascensoresramase.com\/wp-content\/uploads\/Nuevas-ayudas-a-la-accesibilidad-1.jpg\" \/>\n\t<meta property=\"og:image:width\" content=\"750\" \/>\n\t<meta property=\"og:image:height\" content=\"500\" \/>\n\t<meta property=\"og:image:type\" content=\"image\/jpeg\" \/>\n<meta name=\"author\" content=\"Ascensores Ramase\" \/>\n<meta name=\"twitter:card\" content=\"summary_large_image\" \/>\n<meta name=\"twitter:label1\" content=\"Escrit per\" \/>\n\t<meta name=\"twitter:data1\" content=\"Ascensores Ramase\" \/>\n\t<meta name=\"twitter:label2\" content=\"Temps estimat de lectura\" \/>\n\t<meta name=\"twitter:data2\" content=\"4 minuts\" \/>\n<script type=\"application\/ld+json\" class=\"yoast-schema-graph\">{\"@context\":\"https:\\\/\\\/schema.org\",\"@graph\":[{\"@type\":\"Article\",\"@id\":\"https:\\\/\\\/ascensoresramase.com\\\/ca\\\/informacio-i-consells\\\/noves-ajudes-la-millora-de-laccessibilitat-en-la-comunitat\\\/#article\",\"isPartOf\":{\"@id\":\"https:\\\/\\\/ascensoresramase.com\\\/ca\\\/informacio-i-consells\\\/noves-ajudes-la-millora-de-laccessibilitat-en-la-comunitat\\\/\"},\"author\":{\"name\":\"Ascensores Ramase\",\"@id\":\"https:\\\/\\\/ascensoresramase.com\\\/ca\\\/#\\\/schema\\\/person\\\/d9c361a5f180ff1bc5a57ed4f886a284\"},\"headline\":\"Noves ajudes per a la millora de l&#8217;accessibilitat en la comunitat\",\"datePublished\":\"2021-07-22T09:58:38+00:00\",\"dateModified\":\"2021-07-22T11:12:44+00:00\",\"mainEntityOfPage\":{\"@id\":\"https:\\\/\\\/ascensoresramase.com\\\/ca\\\/informacio-i-consells\\\/noves-ajudes-la-millora-de-laccessibilitat-en-la-comunitat\\\/\"},\"wordCount\":1529,\"publisher\":{\"@id\":\"https:\\\/\\\/ascensoresramase.com\\\/ca\\\/#organization\"},\"image\":{\"@id\":\"https:\\\/\\\/ascensoresramase.com\\\/ca\\\/informacio-i-consells\\\/noves-ajudes-la-millora-de-laccessibilitat-en-la-comunitat\\\/#primaryimage\"},\"thumbnailUrl\":\"https:\\\/\\\/ascensoresramase.com\\\/wp-content\\\/uploads\\\/Nuevas-ayudas-a-la-accesibilidad-1.jpg\",\"articleSection\":[\"Informaci\u00f3 i consells\"],\"inLanguage\":\"ca\"},{\"@type\":\"WebPage\",\"@id\":\"https:\\\/\\\/ascensoresramase.com\\\/ca\\\/informacio-i-consells\\\/noves-ajudes-la-millora-de-laccessibilitat-en-la-comunitat\\\/\",\"url\":\"https:\\\/\\\/ascensoresramase.com\\\/ca\\\/informacio-i-consells\\\/noves-ajudes-la-millora-de-laccessibilitat-en-la-comunitat\\\/\",\"name\":\"Noves ajudes per la millora de l'accessibilitat en la comunitat | Ascensores Ramase\",\"isPartOf\":{\"@id\":\"https:\\\/\\\/ascensoresramase.com\\\/ca\\\/#website\"},\"primaryImageOfPage\":{\"@id\":\"https:\\\/\\\/ascensoresramase.com\\\/ca\\\/informacio-i-consells\\\/noves-ajudes-la-millora-de-laccessibilitat-en-la-comunitat\\\/#primaryimage\"},\"image\":{\"@id\":\"https:\\\/\\\/ascensoresramase.com\\\/ca\\\/informacio-i-consells\\\/noves-ajudes-la-millora-de-laccessibilitat-en-la-comunitat\\\/#primaryimage\"},\"thumbnailUrl\":\"https:\\\/\\\/ascensoresramase.com\\\/wp-content\\\/uploads\\\/Nuevas-ayudas-a-la-accesibilidad-1.jpg\",\"datePublished\":\"2021-07-22T09:58:38+00:00\",\"dateModified\":\"2021-07-22T11:12:44+00:00\",\"description\":\"Nuevas ayudas para la mejora de la accesibilidad en la comunidad\",\"breadcrumb\":{\"@id\":\"https:\\\/\\\/ascensoresramase.com\\\/ca\\\/informacio-i-consells\\\/noves-ajudes-la-millora-de-laccessibilitat-en-la-comunitat\\\/#breadcrumb\"},\"inLanguage\":\"ca\",\"potentialAction\":[{\"@type\":\"ReadAction\",\"target\":[\"https:\\\/\\\/ascensoresramase.com\\\/ca\\\/informacio-i-consells\\\/noves-ajudes-la-millora-de-laccessibilitat-en-la-comunitat\\\/\"]}]},{\"@type\":\"ImageObject\",\"inLanguage\":\"ca\",\"@id\":\"https:\\\/\\\/ascensoresramase.com\\\/ca\\\/informacio-i-consells\\\/noves-ajudes-la-millora-de-laccessibilitat-en-la-comunitat\\\/#primaryimage\",\"url\":\"https:\\\/\\\/ascensoresramase.com\\\/wp-content\\\/uploads\\\/Nuevas-ayudas-a-la-accesibilidad-1.jpg\",\"contentUrl\":\"https:\\\/\\\/ascensoresramase.com\\\/wp-content\\\/uploads\\\/Nuevas-ayudas-a-la-accesibilidad-1.jpg\",\"width\":750,\"height\":500},{\"@type\":\"BreadcrumbList\",\"@id\":\"https:\\\/\\\/ascensoresramase.com\\\/ca\\\/informacio-i-consells\\\/noves-ajudes-la-millora-de-laccessibilitat-en-la-comunitat\\\/#breadcrumb\",\"itemListElement\":[{\"@type\":\"ListItem\",\"position\":1,\"name\":\"Inicio\",\"item\":\"https:\\\/\\\/ascensoresramase.com\\\/ca\\\/\"},{\"@type\":\"ListItem\",\"position\":2,\"name\":\"Informaci\u00f3 i consells\",\"item\":\"https:\\\/\\\/ascensoresramase.com\\\/ca\\\/category\\\/informacio-i-consells\\\/\"},{\"@type\":\"ListItem\",\"position\":3,\"name\":\"Noves ajudes per a la millora de l&#8217;accessibilitat en la comunitat\"}]},{\"@type\":\"WebSite\",\"@id\":\"https:\\\/\\\/ascensoresramase.com\\\/ca\\\/#website\",\"url\":\"https:\\\/\\\/ascensoresramase.com\\\/ca\\\/\",\"name\":\"Empresa mantenimiento ascensores Barcelona - Ascensores Ramase\",\"description\":\"\",\"publisher\":{\"@id\":\"https:\\\/\\\/ascensoresramase.com\\\/ca\\\/#organization\"},\"potentialAction\":[{\"@type\":\"SearchAction\",\"target\":{\"@type\":\"EntryPoint\",\"urlTemplate\":\"https:\\\/\\\/ascensoresramase.com\\\/ca\\\/?s={search_term_string}\"},\"query-input\":{\"@type\":\"PropertyValueSpecification\",\"valueRequired\":true,\"valueName\":\"search_term_string\"}}],\"inLanguage\":\"ca\"},{\"@type\":\"Organization\",\"@id\":\"https:\\\/\\\/ascensoresramase.com\\\/ca\\\/#organization\",\"name\":\"RAMASE, S.A\",\"url\":\"https:\\\/\\\/ascensoresramase.com\\\/ca\\\/\",\"logo\":{\"@type\":\"ImageObject\",\"inLanguage\":\"ca\",\"@id\":\"https:\\\/\\\/ascensoresramase.com\\\/ca\\\/#\\\/schema\\\/logo\\\/image\\\/\",\"url\":\"https:\\\/\\\/ascensoresramase.com\\\/wp-content\\\/uploads\\\/LOGO_ramase-web-1.png\",\"contentUrl\":\"https:\\\/\\\/ascensoresramase.com\\\/wp-content\\\/uploads\\\/LOGO_ramase-web-1.png\",\"width\":234,\"height\":150,\"caption\":\"RAMASE, S.A\"},\"image\":{\"@id\":\"https:\\\/\\\/ascensoresramase.com\\\/ca\\\/#\\\/schema\\\/logo\\\/image\\\/\"}},{\"@type\":\"Person\",\"@id\":\"https:\\\/\\\/ascensoresramase.com\\\/ca\\\/#\\\/schema\\\/person\\\/d9c361a5f180ff1bc5a57ed4f886a284\",\"name\":\"Ascensores Ramase\"}]}<\/script>\n<!-- \/ Yoast SEO plugin. -->","yoast_head_json":{"title":"Noves ajudes per la millora de l'accessibilitat en la comunitat | Ascensores Ramase","description":"Nuevas ayudas para la mejora de la accesibilidad en la comunidad","robots":{"index":"index","follow":"follow","max-snippet":"max-snippet:-1","max-image-preview":"max-image-preview:large","max-video-preview":"max-video-preview:-1"},"canonical":"https:\/\/ascensoresramase.com\/ca\/informacio-i-consells\/noves-ajudes-la-millora-de-laccessibilitat-en-la-comunitat\/","og_locale":"ca_ES","og_type":"article","og_title":"Noves ajudes per la millora de l'accessibilitat en la comunitat | Ascensores Ramase","og_description":"Nuevas ayudas para la mejora de la accesibilidad en la comunidad","og_url":"https:\/\/ascensoresramase.com\/ca\/informacio-i-consells\/noves-ajudes-la-millora-de-laccessibilitat-en-la-comunitat\/","og_site_name":"Empresa mantenimiento ascensores Barcelona - Ascensores Ramase","article_published_time":"2021-07-22T09:58:38+00:00","article_modified_time":"2021-07-22T11:12:44+00:00","og_image":[{"width":750,"height":500,"url":"https:\/\/ascensoresramase.com\/wp-content\/uploads\/Nuevas-ayudas-a-la-accesibilidad-1.jpg","type":"image\/jpeg"}],"author":"Ascensores Ramase","twitter_card":"summary_large_image","twitter_misc":{"Escrit per":"Ascensores Ramase","Temps estimat de lectura":"4 minuts"},"schema":{"@context":"https:\/\/schema.org","@graph":[{"@type":"Article","@id":"https:\/\/ascensoresramase.com\/ca\/informacio-i-consells\/noves-ajudes-la-millora-de-laccessibilitat-en-la-comunitat\/#article","isPartOf":{"@id":"https:\/\/ascensoresramase.com\/ca\/informacio-i-consells\/noves-ajudes-la-millora-de-laccessibilitat-en-la-comunitat\/"},"author":{"name":"Ascensores Ramase","@id":"https:\/\/ascensoresramase.com\/ca\/#\/schema\/person\/d9c361a5f180ff1bc5a57ed4f886a284"},"headline":"Noves ajudes per a la millora de l&#8217;accessibilitat en la comunitat","datePublished":"2021-07-22T09:58:38+00:00","dateModified":"2021-07-22T11:12:44+00:00","mainEntityOfPage":{"@id":"https:\/\/ascensoresramase.com\/ca\/informacio-i-consells\/noves-ajudes-la-millora-de-laccessibilitat-en-la-comunitat\/"},"wordCount":1529,"publisher":{"@id":"https:\/\/ascensoresramase.com\/ca\/#organization"},"image":{"@id":"https:\/\/ascensoresramase.com\/ca\/informacio-i-consells\/noves-ajudes-la-millora-de-laccessibilitat-en-la-comunitat\/#primaryimage"},"thumbnailUrl":"https:\/\/ascensoresramase.com\/wp-content\/uploads\/Nuevas-ayudas-a-la-accesibilidad-1.jpg","articleSection":["Informaci\u00f3 i consells"],"inLanguage":"ca"},{"@type":"WebPage","@id":"https:\/\/ascensoresramase.com\/ca\/informacio-i-consells\/noves-ajudes-la-millora-de-laccessibilitat-en-la-comunitat\/","url":"https:\/\/ascensoresramase.com\/ca\/informacio-i-consells\/noves-ajudes-la-millora-de-laccessibilitat-en-la-comunitat\/","name":"Noves ajudes per la millora de l'accessibilitat en la comunitat | Ascensores Ramase","isPartOf":{"@id":"https:\/\/ascensoresramase.com\/ca\/#website"},"primaryImageOfPage":{"@id":"https:\/\/ascensoresramase.com\/ca\/informacio-i-consells\/noves-ajudes-la-millora-de-laccessibilitat-en-la-comunitat\/#primaryimage"},"image":{"@id":"https:\/\/ascensoresramase.com\/ca\/informacio-i-consells\/noves-ajudes-la-millora-de-laccessibilitat-en-la-comunitat\/#primaryimage"},"thumbnailUrl":"https:\/\/ascensoresramase.com\/wp-content\/uploads\/Nuevas-ayudas-a-la-accesibilidad-1.jpg","datePublished":"2021-07-22T09:58:38+00:00","dateModified":"2021-07-22T11:12:44+00:00","description":"Nuevas ayudas para la mejora de la accesibilidad en la comunidad","breadcrumb":{"@id":"https:\/\/ascensoresramase.com\/ca\/informacio-i-consells\/noves-ajudes-la-millora-de-laccessibilitat-en-la-comunitat\/#breadcrumb"},"inLanguage":"ca","potentialAction":[{"@type":"ReadAction","target":["https:\/\/ascensoresramase.com\/ca\/informacio-i-consells\/noves-ajudes-la-millora-de-laccessibilitat-en-la-comunitat\/"]}]},{"@type":"ImageObject","inLanguage":"ca","@id":"https:\/\/ascensoresramase.com\/ca\/informacio-i-consells\/noves-ajudes-la-millora-de-laccessibilitat-en-la-comunitat\/#primaryimage","url":"https:\/\/ascensoresramase.com\/wp-content\/uploads\/Nuevas-ayudas-a-la-accesibilidad-1.jpg","contentUrl":"https:\/\/ascensoresramase.com\/wp-content\/uploads\/Nuevas-ayudas-a-la-accesibilidad-1.jpg","width":750,"height":500},{"@type":"BreadcrumbList","@id":"https:\/\/ascensoresramase.com\/ca\/informacio-i-consells\/noves-ajudes-la-millora-de-laccessibilitat-en-la-comunitat\/#breadcrumb","itemListElement":[{"@type":"ListItem","position":1,"name":"Inicio","item":"https:\/\/ascensoresramase.com\/ca\/"},{"@type":"ListItem","position":2,"name":"Informaci\u00f3 i consells","item":"https:\/\/ascensoresramase.com\/ca\/category\/informacio-i-consells\/"},{"@type":"ListItem","position":3,"name":"Noves ajudes per a la millora de l&#8217;accessibilitat en la comunitat"}]},{"@type":"WebSite","@id":"https:\/\/ascensoresramase.com\/ca\/#website","url":"https:\/\/ascensoresramase.com\/ca\/","name":"Empresa mantenimiento ascensores Barcelona - Ascensores Ramase","description":"","publisher":{"@id":"https:\/\/ascensoresramase.com\/ca\/#organization"},"potentialAction":[{"@type":"SearchAction","target":{"@type":"EntryPoint","urlTemplate":"https:\/\/ascensoresramase.com\/ca\/?s={search_term_string}"},"query-input":{"@type":"PropertyValueSpecification","valueRequired":true,"valueName":"search_term_string"}}],"inLanguage":"ca"},{"@type":"Organization","@id":"https:\/\/ascensoresramase.com\/ca\/#organization","name":"RAMASE, S.A","url":"https:\/\/ascensoresramase.com\/ca\/","logo":{"@type":"ImageObject","inLanguage":"ca","@id":"https:\/\/ascensoresramase.com\/ca\/#\/schema\/logo\/image\/","url":"https:\/\/ascensoresramase.com\/wp-content\/uploads\/LOGO_ramase-web-1.png","contentUrl":"https:\/\/ascensoresramase.com\/wp-content\/uploads\/LOGO_ramase-web-1.png","width":234,"height":150,"caption":"RAMASE, S.A"},"image":{"@id":"https:\/\/ascensoresramase.com\/ca\/#\/schema\/logo\/image\/"}},{"@type":"Person","@id":"https:\/\/ascensoresramase.com\/ca\/#\/schema\/person\/d9c361a5f180ff1bc5a57ed4f886a284","name":"Ascensores Ramase"}]}},"_links":{"self":[{"href":"https:\/\/ascensoresramase.com\/ca\/wp-json\/wp\/v2\/posts\/6819","targetHints":{"allow":["GET"]}}],"collection":[{"href":"https:\/\/ascensoresramase.com\/ca\/wp-json\/wp\/v2\/posts"}],"about":[{"href":"https:\/\/ascensoresramase.com\/ca\/wp-json\/wp\/v2\/types\/post"}],"author":[{"embeddable":true,"href":"https:\/\/ascensoresramase.com\/ca\/wp-json\/wp\/v2\/users\/1"}],"replies":[{"embeddable":true,"href":"https:\/\/ascensoresramase.com\/ca\/wp-json\/wp\/v2\/comments?post=6819"}],"version-history":[{"count":0,"href":"https:\/\/ascensoresramase.com\/ca\/wp-json\/wp\/v2\/posts\/6819\/revisions"}],"wp:featuredmedia":[{"embeddable":true,"href":"https:\/\/ascensoresramase.com\/ca\/wp-json\/wp\/v2\/media\/6834"}],"wp:attachment":[{"href":"https:\/\/ascensoresramase.com\/ca\/wp-json\/wp\/v2\/media?parent=6819"}],"wp:term":[{"taxonomy":"category","embeddable":true,"href":"https:\/\/ascensoresramase.com\/ca\/wp-json\/wp\/v2\/categories?post=6819"},{"taxonomy":"post_tag","embeddable":true,"href":"https:\/\/ascensoresramase.com\/ca\/wp-json\/wp\/v2\/tags?post=6819"}],"curies":[{"name":"wp","href":"https:\/\/api.w.org\/{rel}","templated":true}]}}