{"id":12164,"date":"2024-04-18T13:08:42","date_gmt":"2024-04-18T11:08:42","guid":{"rendered":"https:\/\/ascensoresramase.com\/?p=12164"},"modified":"2026-02-20T11:51:03","modified_gmt":"2026-02-20T10:51:03","slug":"sant-feliu-celebra-la-inauguracio-dun-ascensor-que-millora-laccessibilitat-del-barri","status":"publish","type":"post","link":"https:\/\/ascensoresramase.com\/ca\/informacio-i-consells\/sant-feliu-celebra-la-inauguracio-dun-ascensor-que-millora-laccessibilitat-del-barri\/","title":{"rendered":"Sant Feliu celebra la inauguraci\u00f3 d\u2019un ascensor que millora l\u00b4accessibilitat del barri"},"content":{"rendered":"<div class=\"fusion-fullwidth fullwidth-box fusion-builder-row-1 fusion-flex-container nonhundred-percent-fullwidth non-hundred-percent-height-scrolling\" style=\"--awb-border-radius-top-left:0px;--awb-border-radius-top-right:0px;--awb-border-radius-bottom-right:0px;--awb-border-radius-bottom-left:0px;--awb-flex-wrap:wrap;\" ><div class=\"fusion-builder-row fusion-row fusion-flex-align-items-flex-start fusion-flex-content-wrap\" style=\"max-width:1248px;margin-left: calc(-4% \/ 2 );margin-right: calc(-4% \/ 2 );\"><div class=\"fusion-layout-column fusion_builder_column fusion-builder-column-0 fusion_builder_column_1_2 1_2 fusion-flex-column\" style=\"--awb-bg-size:cover;--awb-width-large:50%;--awb-margin-top-large:0px;--awb-spacing-right-large:3.84%;--awb-margin-bottom-large:20px;--awb-spacing-left-large:3.84%;--awb-width-medium:50%;--awb-order-medium:0;--awb-spacing-right-medium:3.84%;--awb-spacing-left-medium:3.84%;--awb-width-small:100%;--awb-order-small:0;--awb-spacing-right-small:1.92%;--awb-spacing-left-small:1.92%;\"><div class=\"fusion-column-wrapper fusion-column-has-shadow fusion-flex-justify-content-flex-start fusion-content-layout-column\"><div class=\"fusion-image-element \" style=\"--awb-caption-title-font-family:var(--h2_typography-font-family);--awb-caption-title-font-weight:var(--h2_typography-font-weight);--awb-caption-title-font-style:var(--h2_typography-font-style);--awb-caption-title-size:var(--h2_typography-font-size);--awb-caption-title-transform:var(--h2_typography-text-transform);--awb-caption-title-line-height:var(--h2_typography-line-height);--awb-caption-title-letter-spacing:var(--h2_typography-letter-spacing);\"><span class=\" fusion-imageframe imageframe-none imageframe-1 hover-type-none\"><img decoding=\"async\" width=\"1200\" height=\"1600\" alt=\"ascensor-SantFeliu\" title=\"ascensor-SantFeliu2\" src=\"https:\/\/ascensoresramase.com\/wp-content\/uploads\/ascensor-SantFeliu2.webp\" class=\"img-responsive wp-image-11842\" srcset=\"https:\/\/ascensoresramase.com\/wp-content\/uploads\/ascensor-SantFeliu2-200x267.webp 200w, https:\/\/ascensoresramase.com\/wp-content\/uploads\/ascensor-SantFeliu2-400x533.webp 400w, https:\/\/ascensoresramase.com\/wp-content\/uploads\/ascensor-SantFeliu2-600x800.webp 600w, https:\/\/ascensoresramase.com\/wp-content\/uploads\/ascensor-SantFeliu2-800x1067.webp 800w, https:\/\/ascensoresramase.com\/wp-content\/uploads\/ascensor-SantFeliu2.webp 1200w\" sizes=\"(max-width: 640px) 100vw, 600px\" \/><\/span><\/div><\/div><\/div><div class=\"fusion-layout-column fusion_builder_column fusion-builder-column-1 fusion_builder_column_1_2 1_2 fusion-flex-column fusion-flex-align-self-center\" style=\"--awb-bg-size:cover;--awb-width-large:50%;--awb-margin-top-large:0px;--awb-spacing-right-large:3.84%;--awb-margin-bottom-large:20px;--awb-spacing-left-large:3.84%;--awb-width-medium:50%;--awb-order-medium:0;--awb-spacing-right-medium:3.84%;--awb-spacing-left-medium:3.84%;--awb-width-small:100%;--awb-order-small:0;--awb-spacing-right-small:1.92%;--awb-spacing-left-small:1.92%;\" data-scroll-devices=\"small-visibility,medium-visibility,large-visibility\"><div class=\"fusion-column-wrapper fusion-column-has-shadow fusion-flex-justify-content-flex-start fusion-content-layout-column\"><div class=\"fusion-text fusion-text-1\"><p><span style=\"font-weight: 400;\">El nou ascensor de Sant Feliu s&#8217;ha engegat, marcant una fita significativa per a la comunitat local. Aquesta instal\u00b7laci\u00f3 connecta la part baixa de la riera del Canyet amb l&#8217;esplanada del carrer de l&#8217;Aviaci\u00f3, millorant notablement l&#8217;accessibilitat al parc de Can Buxeres.<\/span><\/p>\n<p><span style=\"font-weight: 400;\">L&#8217;ascensor salva un tram de 9 metres amb un fort desnivell, que anteriorment nom\u00e9s era accessible a trav\u00e9s de llargues escales.<\/span><\/p>\n<p><span style=\"font-weight: 400;\">Equipat amb una cabina panor\u00e0mica de vidre t\u00e9 capacitat per a 11 persones, portes autom\u00e0tiques, c\u00e0meres de seguretat i un recorregut de 9,30 metres amb dues parades a diferents al\u00e7ades.<\/span><\/p>\n<\/div><\/div><\/div><div class=\"fusion-layout-column fusion_builder_column fusion-builder-column-2 fusion_builder_column_1_1 1_1 fusion-flex-column\" style=\"--awb-bg-size:cover;--awb-width-large:100%;--awb-margin-top-large:0px;--awb-spacing-right-large:1.92%;--awb-margin-bottom-large:20px;--awb-spacing-left-large:1.92%;--awb-width-medium:100%;--awb-order-medium:0;--awb-spacing-right-medium:1.92%;--awb-spacing-left-medium:1.92%;--awb-width-small:100%;--awb-order-small:0;--awb-spacing-right-small:1.92%;--awb-spacing-left-small:1.92%;\"><div class=\"fusion-column-wrapper fusion-column-has-shadow fusion-flex-justify-content-flex-start fusion-content-layout-column\"><div class=\"fusion-title title fusion-title-1 fusion-sep-none fusion-title-text fusion-title-size-two\" style=\"--awb-margin-top-small:10px;--awb-margin-right-small:0px;--awb-margin-bottom-small:10px;--awb-margin-left-small:0px;\"><h2 class=\"fusion-title-heading title-heading-left\" style=\"margin:0;\"><span style=\"font-weight: 400;\">Un ascensor que millora la qualitat del poble<\/span><\/h2><\/div><div class=\"fusion-text fusion-text-2\"><p><span style=\"font-weight: 400;\">A m\u00e9s, compte amb caracter\u00edstiques innovadores com un ventilador interior i un sistema programat per mantenir-se a la planta baixa amb les portes obertes quan no est\u00e0 en \u00fas, cosa que assegura una ventilaci\u00f3 constant i evita que la temperatura arribi a nivells molt alts a l&#8217;interior.<\/span><\/p>\n<p><span style=\"font-weight: 400;\">Per tant, aquesta instal\u00b7laci\u00f3 no nom\u00e9s millora l&#8217;accessibilitat del barri, tamb\u00e9 garanteix la seguretat i la comoditat dels usuaris.<\/span><\/p>\n<p><span style=\"font-weight: 400;\">Estem orgullosos d&#8217;haver contribu\u00eft a fer realitat aquest somni per a l comunitat.<\/span><\/p>\n<\/div><div class=\"awb-gallery-wrapper awb-gallery-wrapper-1 button-span-no\" style=\"--more-btn-alignment:center;\"><div style=\"margin:-5px;--awb-bordersize:0px;\" class=\"fusion-gallery fusion-gallery-container fusion-grid-3 fusion-columns-total-7 fusion-gallery-layout-masonry fusion-gallery-1\"><div class=\"fusion-grid-column fusion-gallery-column fusion-gallery-column-3 hover-type-none fusion-grid-sizer\"><\/div><div style=\"padding:5px;\" class=\"fusion-grid-column fusion-gallery-column fusion-gallery-column-3 hover-type-none fusion-element-portrait\"><div class=\"fusion-gallery-image\"><a href=\"https:\/\/ascensoresramase.com\/wp-content\/uploads\/ascensor-SantFeliu4.webp\" rel=\"noreferrer\" data-rel=\"iLightbox[gallery_image_1]\" class=\"fusion-lightbox\" target=\"_self\"><div style=\"background-image:url(https:\/\/ascensoresramase.com\/wp-content\/uploads\/ascensor-SantFeliu4.webp);padding-top:calc((100% + 10px) * 1.6);background-position:;\" class=\"fusion-masonry-element-container\"><img decoding=\"async\" src=\"https:\/\/ascensoresramase.com\/wp-content\/uploads\/ascensor-SantFeliu4.webp\" width=\"900\" height=\"1600\" alt=\"\" title=\"ascensor-SantFeliu4\" aria-label=\"ascensor-SantFeliu4\" class=\"img-responsive wp-image-11846\" srcset=\"https:\/\/ascensoresramase.com\/wp-content\/uploads\/ascensor-SantFeliu4-200x356.webp 200w, https:\/\/ascensoresramase.com\/wp-content\/uploads\/ascensor-SantFeliu4-400x711.webp 400w, https:\/\/ascensoresramase.com\/wp-content\/uploads\/ascensor-SantFeliu4-600x1067.webp 600w, https:\/\/ascensoresramase.com\/wp-content\/uploads\/ascensor-SantFeliu4-800x1422.webp 800w, https:\/\/ascensoresramase.com\/wp-content\/uploads\/ascensor-SantFeliu4.webp 900w\" sizes=\"(min-width: 2200px) 100vw, (min-width: 784px) 397px, (min-width: 712px) 595px, (min-width: 640px) 712px, \" \/><\/div><\/a><\/div><\/div><div style=\"padding:5px;\" class=\"fusion-grid-column fusion-gallery-column fusion-gallery-column-3 hover-type-none fusion-element-portrait\"><div class=\"fusion-gallery-image\"><a href=\"https:\/\/ascensoresramase.com\/wp-content\/uploads\/ascensor-SantFeliu1.webp\" rel=\"noreferrer\" data-rel=\"iLightbox[gallery_image_1]\" class=\"fusion-lightbox\" target=\"_self\"><div style=\"background-image:url(https:\/\/ascensoresramase.com\/wp-content\/uploads\/ascensor-SantFeliu1.webp);padding-top:calc((100% + 10px) * 1.6);background-position:;\" class=\"fusion-masonry-element-container\"><img decoding=\"async\" src=\"https:\/\/ascensoresramase.com\/wp-content\/uploads\/ascensor-SantFeliu1.webp\" width=\"900\" height=\"1600\" alt=\"\" title=\"ascensor-SantFeliu1\" aria-label=\"ascensor-SantFeliu1\" class=\"img-responsive wp-image-11840\" srcset=\"https:\/\/ascensoresramase.com\/wp-content\/uploads\/ascensor-SantFeliu1-200x356.webp 200w, https:\/\/ascensoresramase.com\/wp-content\/uploads\/ascensor-SantFeliu1-400x711.webp 400w, https:\/\/ascensoresramase.com\/wp-content\/uploads\/ascensor-SantFeliu1-600x1067.webp 600w, https:\/\/ascensoresramase.com\/wp-content\/uploads\/ascensor-SantFeliu1-800x1422.webp 800w, https:\/\/ascensoresramase.com\/wp-content\/uploads\/ascensor-SantFeliu1.webp 900w\" sizes=\"(min-width: 2200px) 100vw, (min-width: 784px) 397px, (min-width: 712px) 595px, (min-width: 640px) 712px, \" \/><\/div><\/a><\/div><\/div><div style=\"padding:5px;\" class=\"fusion-grid-column fusion-gallery-column fusion-gallery-column-3 hover-type-none fusion-element-grid\"><div class=\"fusion-gallery-image\"><a href=\"https:\/\/ascensoresramase.com\/wp-content\/uploads\/ascensor-SantFeliu3.webp\" rel=\"noreferrer\" data-rel=\"iLightbox[gallery_image_1]\" class=\"fusion-lightbox\" target=\"_self\"><div style=\"background-image:url(https:\/\/ascensoresramase.com\/wp-content\/uploads\/ascensor-SantFeliu3.webp);padding-top:calc((100% + 10px) * 0.8 - 5px);background-position:;\" class=\"fusion-masonry-element-container\"><img decoding=\"async\" src=\"https:\/\/ascensoresramase.com\/wp-content\/uploads\/ascensor-SantFeliu3.webp\" width=\"1200\" height=\"1600\" alt=\"\" title=\"ascensor-SantFeliu3\" aria-label=\"ascensor-SantFeliu3\" class=\"img-responsive wp-image-11844\" srcset=\"https:\/\/ascensoresramase.com\/wp-content\/uploads\/ascensor-SantFeliu3-200x267.webp 200w, https:\/\/ascensoresramase.com\/wp-content\/uploads\/ascensor-SantFeliu3-400x533.webp 400w, https:\/\/ascensoresramase.com\/wp-content\/uploads\/ascensor-SantFeliu3-600x800.webp 600w, https:\/\/ascensoresramase.com\/wp-content\/uploads\/ascensor-SantFeliu3-800x1067.webp 800w, https:\/\/ascensoresramase.com\/wp-content\/uploads\/ascensor-SantFeliu3.webp 1200w\" sizes=\"(min-width: 2200px) 100vw, (min-width: 784px) 397px, (min-width: 712px) 595px, (min-width: 640px) 712px, \" \/><\/div><\/a><\/div><\/div><div style=\"padding:5px;\" class=\"fusion-grid-column fusion-gallery-column fusion-gallery-column-3 hover-type-none fusion-element-grid\"><div class=\"fusion-gallery-image\"><a href=\"https:\/\/ascensoresramase.com\/wp-content\/uploads\/ascensor-SantFeliu2.webp\" rel=\"noreferrer\" data-rel=\"iLightbox[gallery_image_1]\" class=\"fusion-lightbox\" target=\"_self\"><div style=\"background-image:url(https:\/\/ascensoresramase.com\/wp-content\/uploads\/ascensor-SantFeliu2.webp);padding-top:calc((100% + 10px) * 0.8 - 5px);background-position:;\" class=\"fusion-masonry-element-container\"><img decoding=\"async\" src=\"https:\/\/ascensoresramase.com\/wp-content\/uploads\/ascensor-SantFeliu2.webp\" width=\"1200\" height=\"1600\" alt=\"ascensor-SantFeliu\" title=\"ascensor-SantFeliu2\" aria-label=\"ascensor-SantFeliu2\" class=\"img-responsive wp-image-11842\" srcset=\"https:\/\/ascensoresramase.com\/wp-content\/uploads\/ascensor-SantFeliu2-200x267.webp 200w, https:\/\/ascensoresramase.com\/wp-content\/uploads\/ascensor-SantFeliu2-400x533.webp 400w, https:\/\/ascensoresramase.com\/wp-content\/uploads\/ascensor-SantFeliu2-600x800.webp 600w, https:\/\/ascensoresramase.com\/wp-content\/uploads\/ascensor-SantFeliu2-800x1067.webp 800w, https:\/\/ascensoresramase.com\/wp-content\/uploads\/ascensor-SantFeliu2.webp 1200w\" sizes=\"(min-width: 2200px) 100vw, (min-width: 784px) 397px, (min-width: 712px) 595px, (min-width: 640px) 712px, \" \/><\/div><\/a><\/div><\/div><div style=\"padding:5px;\" class=\"fusion-grid-column fusion-gallery-column fusion-gallery-column-3 hover-type-none fusion-element-grid\"><div class=\"fusion-gallery-image\"><a href=\"https:\/\/ascensoresramase.com\/wp-content\/uploads\/ascensor-SantFeliu7.webp\" rel=\"noreferrer\" data-rel=\"iLightbox[gallery_image_1]\" class=\"fusion-lightbox\" target=\"_self\"><div style=\"background-image:url(https:\/\/ascensoresramase.com\/wp-content\/uploads\/ascensor-SantFeliu7.webp);padding-top:calc((100% + 10px) * 0.8 - 5px);background-position:;\" class=\"fusion-masonry-element-container\"><img decoding=\"async\" src=\"https:\/\/ascensoresramase.com\/wp-content\/uploads\/ascensor-SantFeliu7.webp\" width=\"1200\" height=\"1600\" alt=\"\" title=\"ascensor-SantFeliu7\" aria-label=\"ascensor-SantFeliu7\" class=\"img-responsive wp-image-11852\" srcset=\"https:\/\/ascensoresramase.com\/wp-content\/uploads\/ascensor-SantFeliu7-200x267.webp 200w, https:\/\/ascensoresramase.com\/wp-content\/uploads\/ascensor-SantFeliu7-400x533.webp 400w, https:\/\/ascensoresramase.com\/wp-content\/uploads\/ascensor-SantFeliu7-600x800.webp 600w, https:\/\/ascensoresramase.com\/wp-content\/uploads\/ascensor-SantFeliu7-800x1067.webp 800w, https:\/\/ascensoresramase.com\/wp-content\/uploads\/ascensor-SantFeliu7.webp 1200w\" sizes=\"(min-width: 2200px) 100vw, (min-width: 784px) 397px, (min-width: 712px) 595px, (min-width: 640px) 712px, \" \/><\/div><\/a><\/div><\/div><div style=\"padding:5px;\" class=\"fusion-grid-column fusion-gallery-column fusion-gallery-column-3 hover-type-none fusion-element-grid\"><div class=\"fusion-gallery-image\"><a href=\"https:\/\/ascensoresramase.com\/wp-content\/uploads\/ascensor-SantFeliu6.webp\" rel=\"noreferrer\" data-rel=\"iLightbox[gallery_image_1]\" class=\"fusion-lightbox\" target=\"_self\"><div style=\"background-image:url(https:\/\/ascensoresramase.com\/wp-content\/uploads\/ascensor-SantFeliu6.webp);padding-top:calc((100% + 10px) * 0.8 - 5px);background-position:;\" class=\"fusion-masonry-element-container\"><img decoding=\"async\" src=\"https:\/\/ascensoresramase.com\/wp-content\/uploads\/ascensor-SantFeliu6.webp\" width=\"1200\" height=\"1600\" alt=\"\" title=\"ascensor-SantFeliu6\" aria-label=\"ascensor-SantFeliu6\" class=\"img-responsive wp-image-11850\" srcset=\"https:\/\/ascensoresramase.com\/wp-content\/uploads\/ascensor-SantFeliu6-200x267.webp 200w, https:\/\/ascensoresramase.com\/wp-content\/uploads\/ascensor-SantFeliu6-400x533.webp 400w, https:\/\/ascensoresramase.com\/wp-content\/uploads\/ascensor-SantFeliu6-600x800.webp 600w, https:\/\/ascensoresramase.com\/wp-content\/uploads\/ascensor-SantFeliu6-800x1067.webp 800w, https:\/\/ascensoresramase.com\/wp-content\/uploads\/ascensor-SantFeliu6.webp 1200w\" sizes=\"(min-width: 2200px) 100vw, (min-width: 784px) 397px, (min-width: 712px) 595px, (min-width: 640px) 712px, \" \/><\/div><\/a><\/div><\/div><div style=\"padding:5px;\" class=\"fusion-grid-column fusion-gallery-column fusion-gallery-column-3 hover-type-none fusion-element-grid\"><div class=\"fusion-gallery-image\"><a href=\"https:\/\/ascensoresramase.com\/wp-content\/uploads\/ascensor-SantFeliu5.webp\" rel=\"noreferrer\" data-rel=\"iLightbox[gallery_image_1]\" class=\"fusion-lightbox\" target=\"_self\"><div style=\"background-image:url(https:\/\/ascensoresramase.com\/wp-content\/uploads\/ascensor-SantFeliu5.webp);padding-top:calc((100% + 10px) * 0.8 - 5px);background-position:;\" class=\"fusion-masonry-element-container\"><img decoding=\"async\" src=\"https:\/\/ascensoresramase.com\/wp-content\/uploads\/ascensor-SantFeliu5.webp\" width=\"1200\" height=\"1600\" alt=\"\" title=\"ascensor-SantFeliu5\" aria-label=\"ascensor-SantFeliu5\" class=\"img-responsive wp-image-11848\" srcset=\"https:\/\/ascensoresramase.com\/wp-content\/uploads\/ascensor-SantFeliu5-200x267.webp 200w, https:\/\/ascensoresramase.com\/wp-content\/uploads\/ascensor-SantFeliu5-400x533.webp 400w, https:\/\/ascensoresramase.com\/wp-content\/uploads\/ascensor-SantFeliu5-600x800.webp 600w, https:\/\/ascensoresramase.com\/wp-content\/uploads\/ascensor-SantFeliu5-800x1067.webp 800w, https:\/\/ascensoresramase.com\/wp-content\/uploads\/ascensor-SantFeliu5.webp 1200w\" sizes=\"(min-width: 2200px) 100vw, (min-width: 784px) 397px, (min-width: 712px) 595px, (min-width: 640px) 712px, \" \/><\/div><\/a><\/div><\/div><\/div><\/div><div class=\"fusion-text fusion-text-3\"><p><iframe style=\"width: 100%; height: 467px; margin-top: 10px;\" src=\"https:\/\/player.instantvideocloud.net\/#\/embed\/2d8f57f9b3\/ac98098b-3269-3bd3-2d99-4943af7556e6\" frameborder=\"0\" allowfullscreen=\"allowfullscreen\"><\/iframe><\/p>\n<\/div><\/div><\/div><\/div><\/div>\n","protected":false},"excerpt":{"rendered":"","protected":false},"author":1,"featured_media":11865,"comment_status":"closed","ping_status":"closed","sticky":false,"template":"","format":"standard","meta":{"footnotes":""},"categories":[20],"tags":[],"class_list":["post-12164","post","type-post","status-publish","format-standard","has-post-thumbnail","hentry","category-informacio-i-consells"],"yoast_head":"<!-- This site is optimized with the Yoast SEO plugin v27.4 - https:\/\/yoast.com\/product\/yoast-seo-wordpress\/ -->\n<title>Nou ascensor en Sant Feliu - Ascensores Ramase<\/title>\n<meta name=\"description\" content=\"El nou ascensor de Sant Feliu s&#039;ha engegat, marcant una fita significativa per a la comunitat local.\" \/>\n<meta name=\"robots\" content=\"index, follow, max-snippet:-1, max-image-preview:large, max-video-preview:-1\" \/>\n<link rel=\"canonical\" href=\"https:\/\/ascensoresramase.com\/ca\/informacio-i-consells\/sant-feliu-celebra-la-inauguracio-dun-ascensor-que-millora-laccessibilitat-del-barri\/\" \/>\n<meta property=\"og:locale\" content=\"ca_ES\" \/>\n<meta property=\"og:type\" content=\"article\" \/>\n<meta property=\"og:title\" content=\"Nou ascensor en Sant Feliu - Ascensores Ramase\" \/>\n<meta property=\"og:description\" content=\"El nou ascensor de Sant Feliu s&#039;ha engegat, marcant una fita significativa per a la comunitat local.\" \/>\n<meta property=\"og:url\" content=\"https:\/\/ascensoresramase.com\/ca\/informacio-i-consells\/sant-feliu-celebra-la-inauguracio-dun-ascensor-que-millora-laccessibilitat-del-barri\/\" \/>\n<meta property=\"og:site_name\" content=\"Empresa mantenimiento ascensores Barcelona - Ascensores Ramase\" \/>\n<meta property=\"article:published_time\" content=\"2024-04-18T11:08:42+00:00\" \/>\n<meta property=\"article:modified_time\" content=\"2026-02-20T10:51:03+00:00\" \/>\n<meta property=\"og:image\" content=\"https:\/\/ascensoresramase.com\/wp-content\/uploads\/ascensor-SantFeliu-600x400.jpg\" \/>\n<meta name=\"author\" content=\"Ascensores Ramase\" \/>\n<meta name=\"twitter:card\" content=\"summary_large_image\" \/>\n<meta name=\"twitter:label1\" content=\"Escrit per\" \/>\n\t<meta name=\"twitter:data1\" content=\"Ascensores Ramase\" \/>\n\t<meta name=\"twitter:label2\" content=\"Temps estimat de lectura\" \/>\n\t<meta name=\"twitter:data2\" content=\"3 minuts\" \/>\n<script type=\"application\/ld+json\" class=\"yoast-schema-graph\">{\"@context\":\"https:\\\/\\\/schema.org\",\"@graph\":[{\"@type\":\"Article\",\"@id\":\"https:\\\/\\\/ascensoresramase.com\\\/ca\\\/informacio-i-consells\\\/sant-feliu-celebra-la-inauguracio-dun-ascensor-que-millora-laccessibilitat-del-barri\\\/#article\",\"isPartOf\":{\"@id\":\"https:\\\/\\\/ascensoresramase.com\\\/ca\\\/informacio-i-consells\\\/sant-feliu-celebra-la-inauguracio-dun-ascensor-que-millora-laccessibilitat-del-barri\\\/\"},\"author\":{\"name\":\"Ascensores Ramase\",\"@id\":\"https:\\\/\\\/ascensoresramase.com\\\/ca\\\/#\\\/schema\\\/person\\\/d9c361a5f180ff1bc5a57ed4f886a284\"},\"headline\":\"Sant Feliu celebra la inauguraci\u00f3 d\u2019un ascensor que millora l\u00b4accessibilitat del barri\",\"datePublished\":\"2024-04-18T11:08:42+00:00\",\"dateModified\":\"2026-02-20T10:51:03+00:00\",\"mainEntityOfPage\":{\"@id\":\"https:\\\/\\\/ascensoresramase.com\\\/ca\\\/informacio-i-consells\\\/sant-feliu-celebra-la-inauguracio-dun-ascensor-que-millora-laccessibilitat-del-barri\\\/\"},\"wordCount\":2657,\"publisher\":{\"@id\":\"https:\\\/\\\/ascensoresramase.com\\\/ca\\\/#organization\"},\"image\":{\"@id\":\"https:\\\/\\\/ascensoresramase.com\\\/ca\\\/informacio-i-consells\\\/sant-feliu-celebra-la-inauguracio-dun-ascensor-que-millora-laccessibilitat-del-barri\\\/#primaryimage\"},\"thumbnailUrl\":\"https:\\\/\\\/ascensoresramase.com\\\/wp-content\\\/uploads\\\/ascensor-SantFeliu.jpg\",\"articleSection\":[\"Informaci\u00f3 i consells\"],\"inLanguage\":\"ca\"},{\"@type\":\"WebPage\",\"@id\":\"https:\\\/\\\/ascensoresramase.com\\\/ca\\\/informacio-i-consells\\\/sant-feliu-celebra-la-inauguracio-dun-ascensor-que-millora-laccessibilitat-del-barri\\\/\",\"url\":\"https:\\\/\\\/ascensoresramase.com\\\/ca\\\/informacio-i-consells\\\/sant-feliu-celebra-la-inauguracio-dun-ascensor-que-millora-laccessibilitat-del-barri\\\/\",\"name\":\"Nou ascensor en Sant Feliu - Ascensores Ramase\",\"isPartOf\":{\"@id\":\"https:\\\/\\\/ascensoresramase.com\\\/ca\\\/#website\"},\"primaryImageOfPage\":{\"@id\":\"https:\\\/\\\/ascensoresramase.com\\\/ca\\\/informacio-i-consells\\\/sant-feliu-celebra-la-inauguracio-dun-ascensor-que-millora-laccessibilitat-del-barri\\\/#primaryimage\"},\"image\":{\"@id\":\"https:\\\/\\\/ascensoresramase.com\\\/ca\\\/informacio-i-consells\\\/sant-feliu-celebra-la-inauguracio-dun-ascensor-que-millora-laccessibilitat-del-barri\\\/#primaryimage\"},\"thumbnailUrl\":\"https:\\\/\\\/ascensoresramase.com\\\/wp-content\\\/uploads\\\/ascensor-SantFeliu.jpg\",\"datePublished\":\"2024-04-18T11:08:42+00:00\",\"dateModified\":\"2026-02-20T10:51:03+00:00\",\"description\":\"El nou ascensor de Sant Feliu s'ha engegat, marcant una fita significativa per a la comunitat local.\",\"breadcrumb\":{\"@id\":\"https:\\\/\\\/ascensoresramase.com\\\/ca\\\/informacio-i-consells\\\/sant-feliu-celebra-la-inauguracio-dun-ascensor-que-millora-laccessibilitat-del-barri\\\/#breadcrumb\"},\"inLanguage\":\"ca\",\"potentialAction\":[{\"@type\":\"ReadAction\",\"target\":[\"https:\\\/\\\/ascensoresramase.com\\\/ca\\\/informacio-i-consells\\\/sant-feliu-celebra-la-inauguracio-dun-ascensor-que-millora-laccessibilitat-del-barri\\\/\"]}]},{\"@type\":\"ImageObject\",\"inLanguage\":\"ca\",\"@id\":\"https:\\\/\\\/ascensoresramase.com\\\/ca\\\/informacio-i-consells\\\/sant-feliu-celebra-la-inauguracio-dun-ascensor-que-millora-laccessibilitat-del-barri\\\/#primaryimage\",\"url\":\"https:\\\/\\\/ascensoresramase.com\\\/wp-content\\\/uploads\\\/ascensor-SantFeliu.jpg\",\"contentUrl\":\"https:\\\/\\\/ascensoresramase.com\\\/wp-content\\\/uploads\\\/ascensor-SantFeliu.jpg\",\"width\":710,\"height\":473,\"caption\":\"ascensor-SantFeliu\"},{\"@type\":\"BreadcrumbList\",\"@id\":\"https:\\\/\\\/ascensoresramase.com\\\/ca\\\/informacio-i-consells\\\/sant-feliu-celebra-la-inauguracio-dun-ascensor-que-millora-laccessibilitat-del-barri\\\/#breadcrumb\",\"itemListElement\":[{\"@type\":\"ListItem\",\"position\":1,\"name\":\"Inicio\",\"item\":\"https:\\\/\\\/ascensoresramase.com\\\/ca\\\/\"},{\"@type\":\"ListItem\",\"position\":2,\"name\":\"Informaci\u00f3 i consells\",\"item\":\"https:\\\/\\\/ascensoresramase.com\\\/ca\\\/category\\\/informacio-i-consells\\\/\"},{\"@type\":\"ListItem\",\"position\":3,\"name\":\"Sant Feliu celebra la inauguraci\u00f3 d\u2019un ascensor que millora l\u00b4accessibilitat del barri\"}]},{\"@type\":\"WebSite\",\"@id\":\"https:\\\/\\\/ascensoresramase.com\\\/ca\\\/#website\",\"url\":\"https:\\\/\\\/ascensoresramase.com\\\/ca\\\/\",\"name\":\"Empresa mantenimiento ascensores Barcelona - Ascensores Ramase\",\"description\":\"\",\"publisher\":{\"@id\":\"https:\\\/\\\/ascensoresramase.com\\\/ca\\\/#organization\"},\"potentialAction\":[{\"@type\":\"SearchAction\",\"target\":{\"@type\":\"EntryPoint\",\"urlTemplate\":\"https:\\\/\\\/ascensoresramase.com\\\/ca\\\/?s={search_term_string}\"},\"query-input\":{\"@type\":\"PropertyValueSpecification\",\"valueRequired\":true,\"valueName\":\"search_term_string\"}}],\"inLanguage\":\"ca\"},{\"@type\":\"Organization\",\"@id\":\"https:\\\/\\\/ascensoresramase.com\\\/ca\\\/#organization\",\"name\":\"RAMASE, S.A\",\"url\":\"https:\\\/\\\/ascensoresramase.com\\\/ca\\\/\",\"logo\":{\"@type\":\"ImageObject\",\"inLanguage\":\"ca\",\"@id\":\"https:\\\/\\\/ascensoresramase.com\\\/ca\\\/#\\\/schema\\\/logo\\\/image\\\/\",\"url\":\"https:\\\/\\\/ascensoresramase.com\\\/wp-content\\\/uploads\\\/LOGO_ramase-web-1.png\",\"contentUrl\":\"https:\\\/\\\/ascensoresramase.com\\\/wp-content\\\/uploads\\\/LOGO_ramase-web-1.png\",\"width\":234,\"height\":150,\"caption\":\"RAMASE, S.A\"},\"image\":{\"@id\":\"https:\\\/\\\/ascensoresramase.com\\\/ca\\\/#\\\/schema\\\/logo\\\/image\\\/\"}},{\"@type\":\"Person\",\"@id\":\"https:\\\/\\\/ascensoresramase.com\\\/ca\\\/#\\\/schema\\\/person\\\/d9c361a5f180ff1bc5a57ed4f886a284\",\"name\":\"Ascensores Ramase\"}]}<\/script>\n<!-- \/ Yoast SEO plugin. -->","yoast_head_json":{"title":"Nou ascensor en Sant Feliu - Ascensores Ramase","description":"El nou ascensor de Sant Feliu s'ha engegat, marcant una fita significativa per a la comunitat local.","robots":{"index":"index","follow":"follow","max-snippet":"max-snippet:-1","max-image-preview":"max-image-preview:large","max-video-preview":"max-video-preview:-1"},"canonical":"https:\/\/ascensoresramase.com\/ca\/informacio-i-consells\/sant-feliu-celebra-la-inauguracio-dun-ascensor-que-millora-laccessibilitat-del-barri\/","og_locale":"ca_ES","og_type":"article","og_title":"Nou ascensor en Sant Feliu - Ascensores Ramase","og_description":"El nou ascensor de Sant Feliu s'ha engegat, marcant una fita significativa per a la comunitat local.","og_url":"https:\/\/ascensoresramase.com\/ca\/informacio-i-consells\/sant-feliu-celebra-la-inauguracio-dun-ascensor-que-millora-laccessibilitat-del-barri\/","og_site_name":"Empresa mantenimiento ascensores Barcelona - Ascensores Ramase","article_published_time":"2024-04-18T11:08:42+00:00","article_modified_time":"2026-02-20T10:51:03+00:00","og_image":[{"url":"https:\/\/ascensoresramase.com\/wp-content\/uploads\/ascensor-SantFeliu-600x400.jpg","type":"","width":"","height":""}],"author":"Ascensores Ramase","twitter_card":"summary_large_image","twitter_misc":{"Escrit per":"Ascensores Ramase","Temps estimat de lectura":"3 minuts"},"schema":{"@context":"https:\/\/schema.org","@graph":[{"@type":"Article","@id":"https:\/\/ascensoresramase.com\/ca\/informacio-i-consells\/sant-feliu-celebra-la-inauguracio-dun-ascensor-que-millora-laccessibilitat-del-barri\/#article","isPartOf":{"@id":"https:\/\/ascensoresramase.com\/ca\/informacio-i-consells\/sant-feliu-celebra-la-inauguracio-dun-ascensor-que-millora-laccessibilitat-del-barri\/"},"author":{"name":"Ascensores Ramase","@id":"https:\/\/ascensoresramase.com\/ca\/#\/schema\/person\/d9c361a5f180ff1bc5a57ed4f886a284"},"headline":"Sant Feliu celebra la inauguraci\u00f3 d\u2019un ascensor que millora l\u00b4accessibilitat del barri","datePublished":"2024-04-18T11:08:42+00:00","dateModified":"2026-02-20T10:51:03+00:00","mainEntityOfPage":{"@id":"https:\/\/ascensoresramase.com\/ca\/informacio-i-consells\/sant-feliu-celebra-la-inauguracio-dun-ascensor-que-millora-laccessibilitat-del-barri\/"},"wordCount":2657,"publisher":{"@id":"https:\/\/ascensoresramase.com\/ca\/#organization"},"image":{"@id":"https:\/\/ascensoresramase.com\/ca\/informacio-i-consells\/sant-feliu-celebra-la-inauguracio-dun-ascensor-que-millora-laccessibilitat-del-barri\/#primaryimage"},"thumbnailUrl":"https:\/\/ascensoresramase.com\/wp-content\/uploads\/ascensor-SantFeliu.jpg","articleSection":["Informaci\u00f3 i consells"],"inLanguage":"ca"},{"@type":"WebPage","@id":"https:\/\/ascensoresramase.com\/ca\/informacio-i-consells\/sant-feliu-celebra-la-inauguracio-dun-ascensor-que-millora-laccessibilitat-del-barri\/","url":"https:\/\/ascensoresramase.com\/ca\/informacio-i-consells\/sant-feliu-celebra-la-inauguracio-dun-ascensor-que-millora-laccessibilitat-del-barri\/","name":"Nou ascensor en Sant Feliu - Ascensores Ramase","isPartOf":{"@id":"https:\/\/ascensoresramase.com\/ca\/#website"},"primaryImageOfPage":{"@id":"https:\/\/ascensoresramase.com\/ca\/informacio-i-consells\/sant-feliu-celebra-la-inauguracio-dun-ascensor-que-millora-laccessibilitat-del-barri\/#primaryimage"},"image":{"@id":"https:\/\/ascensoresramase.com\/ca\/informacio-i-consells\/sant-feliu-celebra-la-inauguracio-dun-ascensor-que-millora-laccessibilitat-del-barri\/#primaryimage"},"thumbnailUrl":"https:\/\/ascensoresramase.com\/wp-content\/uploads\/ascensor-SantFeliu.jpg","datePublished":"2024-04-18T11:08:42+00:00","dateModified":"2026-02-20T10:51:03+00:00","description":"El nou ascensor de Sant Feliu s'ha engegat, marcant una fita significativa per a la comunitat local.","breadcrumb":{"@id":"https:\/\/ascensoresramase.com\/ca\/informacio-i-consells\/sant-feliu-celebra-la-inauguracio-dun-ascensor-que-millora-laccessibilitat-del-barri\/#breadcrumb"},"inLanguage":"ca","potentialAction":[{"@type":"ReadAction","target":["https:\/\/ascensoresramase.com\/ca\/informacio-i-consells\/sant-feliu-celebra-la-inauguracio-dun-ascensor-que-millora-laccessibilitat-del-barri\/"]}]},{"@type":"ImageObject","inLanguage":"ca","@id":"https:\/\/ascensoresramase.com\/ca\/informacio-i-consells\/sant-feliu-celebra-la-inauguracio-dun-ascensor-que-millora-laccessibilitat-del-barri\/#primaryimage","url":"https:\/\/ascensoresramase.com\/wp-content\/uploads\/ascensor-SantFeliu.jpg","contentUrl":"https:\/\/ascensoresramase.com\/wp-content\/uploads\/ascensor-SantFeliu.jpg","width":710,"height":473,"caption":"ascensor-SantFeliu"},{"@type":"BreadcrumbList","@id":"https:\/\/ascensoresramase.com\/ca\/informacio-i-consells\/sant-feliu-celebra-la-inauguracio-dun-ascensor-que-millora-laccessibilitat-del-barri\/#breadcrumb","itemListElement":[{"@type":"ListItem","position":1,"name":"Inicio","item":"https:\/\/ascensoresramase.com\/ca\/"},{"@type":"ListItem","position":2,"name":"Informaci\u00f3 i consells","item":"https:\/\/ascensoresramase.com\/ca\/category\/informacio-i-consells\/"},{"@type":"ListItem","position":3,"name":"Sant Feliu celebra la inauguraci\u00f3 d\u2019un ascensor que millora l\u00b4accessibilitat del barri"}]},{"@type":"WebSite","@id":"https:\/\/ascensoresramase.com\/ca\/#website","url":"https:\/\/ascensoresramase.com\/ca\/","name":"Empresa mantenimiento ascensores Barcelona - Ascensores Ramase","description":"","publisher":{"@id":"https:\/\/ascensoresramase.com\/ca\/#organization"},"potentialAction":[{"@type":"SearchAction","target":{"@type":"EntryPoint","urlTemplate":"https:\/\/ascensoresramase.com\/ca\/?s={search_term_string}"},"query-input":{"@type":"PropertyValueSpecification","valueRequired":true,"valueName":"search_term_string"}}],"inLanguage":"ca"},{"@type":"Organization","@id":"https:\/\/ascensoresramase.com\/ca\/#organization","name":"RAMASE, S.A","url":"https:\/\/ascensoresramase.com\/ca\/","logo":{"@type":"ImageObject","inLanguage":"ca","@id":"https:\/\/ascensoresramase.com\/ca\/#\/schema\/logo\/image\/","url":"https:\/\/ascensoresramase.com\/wp-content\/uploads\/LOGO_ramase-web-1.png","contentUrl":"https:\/\/ascensoresramase.com\/wp-content\/uploads\/LOGO_ramase-web-1.png","width":234,"height":150,"caption":"RAMASE, S.A"},"image":{"@id":"https:\/\/ascensoresramase.com\/ca\/#\/schema\/logo\/image\/"}},{"@type":"Person","@id":"https:\/\/ascensoresramase.com\/ca\/#\/schema\/person\/d9c361a5f180ff1bc5a57ed4f886a284","name":"Ascensores Ramase"}]}},"_links":{"self":[{"href":"https:\/\/ascensoresramase.com\/ca\/wp-json\/wp\/v2\/posts\/12164","targetHints":{"allow":["GET"]}}],"collection":[{"href":"https:\/\/ascensoresramase.com\/ca\/wp-json\/wp\/v2\/posts"}],"about":[{"href":"https:\/\/ascensoresramase.com\/ca\/wp-json\/wp\/v2\/types\/post"}],"author":[{"embeddable":true,"href":"https:\/\/ascensoresramase.com\/ca\/wp-json\/wp\/v2\/users\/1"}],"replies":[{"embeddable":true,"href":"https:\/\/ascensoresramase.com\/ca\/wp-json\/wp\/v2\/comments?post=12164"}],"version-history":[{"count":1,"href":"https:\/\/ascensoresramase.com\/ca\/wp-json\/wp\/v2\/posts\/12164\/revisions"}],"predecessor-version":[{"id":14407,"href":"https:\/\/ascensoresramase.com\/ca\/wp-json\/wp\/v2\/posts\/12164\/revisions\/14407"}],"wp:featuredmedia":[{"embeddable":true,"href":"https:\/\/ascensoresramase.com\/ca\/wp-json\/wp\/v2\/media\/11865"}],"wp:attachment":[{"href":"https:\/\/ascensoresramase.com\/ca\/wp-json\/wp\/v2\/media?parent=12164"}],"wp:term":[{"taxonomy":"category","embeddable":true,"href":"https:\/\/ascensoresramase.com\/ca\/wp-json\/wp\/v2\/categories?post=12164"},{"taxonomy":"post_tag","embeddable":true,"href":"https:\/\/ascensoresramase.com\/ca\/wp-json\/wp\/v2\/tags?post=12164"}],"curies":[{"name":"wp","href":"https:\/\/api.w.org\/{rel}","templated":true}]}}